{"id":376,"date":"2019-07-23T15:51:17","date_gmt":"2019-07-23T18:51:17","guid":{"rendered":"https:\/\/litoral.ufpr.br\/servicosocial\/?p=376"},"modified":"2019-07-30T09:53:11","modified_gmt":"2019-07-30T12:53:11","slug":"processos-de-jubilamento-importante","status":"publish","type":"post","link":"https:\/\/litoral.ufpr.br\/servicosocial\/2019\/07\/23\/processos-de-jubilamento-importante\/","title":{"rendered":"Processos de Jubilamento ***Importante***"},"content":{"rendered":"\n<p>Novo Edital de Jubilamento!!! <a href=\"https:\/\/litoral.ufpr.br\/servicosocial\/wp-content\/uploads\/sites\/17\/2019\/07\/2019-Edital-03-JUBILAMENTO.pdf\">Clique e confira<\/a><\/p>\n\n\n\n<p><\/p>\n\n\n\n<p>Est\u00e1 dispon\u00edvel o edital de convoca\u00e7\u00e3o para os(as) estudantes que tiveram abertos processos de cancelamento de registro acad\u00eamico por ultrapassagem  do prazo m\u00e1ximo para integraliza\u00e7\u00e3o do curr\u00edculo. <a href=\"https:\/\/litoral.ufpr.br\/servicosocial\/wp-content\/uploads\/sites\/17\/2019\/06\/Edital-Jubilamento-2019-1.pdf\">CLIQUE AQUI<\/a> E <a href=\"https:\/\/litoral.ufpr.br\/servicosocial\/wp-content\/uploads\/sites\/17\/2019\/06\/Edital-Jubilamento-2019-1.pdf\">CONFIRA O EDITAL <\/a><\/p>\n","protected":false},"excerpt":{"rendered":"<p>Novo Edital de Jubilamento!!! Clique e confira Est\u00e1 dispon\u00edvel o edital de convoca\u00e7\u00e3o para os(as) estudantes que tiveram abertos processos de cancelamento de registro acad\u00eamico por ultrapassagem do prazo m\u00e1ximo para integraliza\u00e7\u00e3o do curr\u00edculo. CLIQUE AQUI E CONFIRA O EDITAL<\/p>\n","protected":false},"author":20,"featured_media":0,"comment_status":"open","ping_status":"open","sticky":false,"template":"","format":"standard","meta":{"_acf_changed":false,"footnotes":""},"categories":[13],"tags":[],"class_list":["post-376","post","type-post","status-publish","format-standard","hentry","category-informativo"],"acf":[],"_links":{"self":[{"href":"https:\/\/litoral.ufpr.br\/servicosocial\/wp-json\/wp\/v2\/posts\/376","targetHints":{"allow":["GET"]}}],"collection":[{"href":"https:\/\/litoral.ufpr.br\/servicosocial\/wp-json\/wp\/v2\/posts"}],"about":[{"href":"https:\/\/litoral.ufpr.br\/servicosocial\/wp-json\/wp\/v2\/types\/post"}],"author":[{"embeddable":true,"href":"https:\/\/litoral.ufpr.br\/servicosocial\/wp-json\/wp\/v2\/users\/20"}],"replies":[{"embeddable":true,"href":"https:\/\/litoral.ufpr.br\/servicosocial\/wp-json\/wp\/v2\/comments?post=376"}],"version-history":[{"count":3,"href":"https:\/\/litoral.ufpr.br\/servicosocial\/wp-json\/wp\/v2\/posts\/376\/revisions"}],"predecessor-version":[{"id":403,"href":"https:\/\/litoral.ufpr.br\/servicosocial\/wp-json\/wp\/v2\/posts\/376\/revisions\/403"}],"wp:attachment":[{"href":"https:\/\/litoral.ufpr.br\/servicosocial\/wp-json\/wp\/v2\/media?parent=376"}],"wp:term":[{"taxonomy":"category","embeddable":true,"href":"https:\/\/litoral.ufpr.br\/servicosocial\/wp-json\/wp\/v2\/categories?post=376"},{"taxonomy":"post_tag","embeddable":true,"href":"https:\/\/litoral.ufpr.br\/servicosocial\/wp-json\/wp\/v2\/tags?post=376"}],"curies":[{"name":"wp","href":"https:\/\/api.w.org\/{rel}","templated":true}]}}