{"id":362,"date":"2019-03-15T12:18:06","date_gmt":"2019-03-15T15:18:06","guid":{"rendered":"https:\/\/litoral.ufpr.br\/servicosocial\/?p=362"},"modified":"2019-03-15T12:18:06","modified_gmt":"2019-03-15T15:18:06","slug":"formatura-2019","status":"publish","type":"post","link":"https:\/\/litoral.ufpr.br\/servicosocial\/2019\/03\/15\/formatura-2019\/","title":{"rendered":"Formatura 2019"},"content":{"rendered":"<div class=\"gmail_default\">Venho informar as datas importantes para os alunos que participar\u00e3o da cerim\u00f4nia de cola\u00e7\u00e3o de grau com solenidade do curso de servi\u00e7o social do primeiro semestre de 2019:<\/div>\n<div class=\"gmail_default\"><\/div>\n<div class=\"gmail_default\">21\/03\/2019 &#8211; Ensaio \u00e0s 18:00;<\/div>\n<div class=\"gmail_default\"><\/div>\n<div class=\"gmail_default\">26\/03\/2019- Cerim\u00f4nia \u00e0s 19:00 no audit\u00f3rio.<\/div>\n<div class=\"gmail_default\"><\/div>\n<div class=\"gmail_default\">Obs.:\u00c9 indispens\u00e1vel a presen\u00e7a de todos no ensaio.<\/div>\n<div class=\"gmail_default\">Obs2.: Quem ainda n\u00e3o pagou a taxa de aluguel da beca, deve faz\u00ea-lo, impreterivelmente, no dia do ensaio.<\/div>\n","protected":false},"excerpt":{"rendered":"<p>Venho informar as datas importantes para os alunos que participar\u00e3o da cerim\u00f4nia de cola\u00e7\u00e3o de grau com solenidade do curso de servi\u00e7o social do primeiro semestre de 2019: 21\/03\/2019 &#8211; Ensaio \u00e0s 18:00; 26\/03\/2019- Cerim\u00f4nia \u00e0s 19:00 no audit\u00f3rio. Obs.:\u00c9 indispens\u00e1vel a presen\u00e7a de todos no ensaio. Obs2.: Quem ainda n\u00e3o pagou a taxa de [&hellip;]<\/p>\n","protected":false},"author":20,"featured_media":0,"comment_status":"open","ping_status":"open","sticky":false,"template":"","format":"standard","meta":{"_acf_changed":false,"footnotes":""},"categories":[13],"tags":[],"class_list":["post-362","post","type-post","status-publish","format-standard","hentry","category-informativo"],"acf":[],"_links":{"self":[{"href":"https:\/\/litoral.ufpr.br\/servicosocial\/wp-json\/wp\/v2\/posts\/362","targetHints":{"allow":["GET"]}}],"collection":[{"href":"https:\/\/litoral.ufpr.br\/servicosocial\/wp-json\/wp\/v2\/posts"}],"about":[{"href":"https:\/\/litoral.ufpr.br\/servicosocial\/wp-json\/wp\/v2\/types\/post"}],"author":[{"embeddable":true,"href":"https:\/\/litoral.ufpr.br\/servicosocial\/wp-json\/wp\/v2\/users\/20"}],"replies":[{"embeddable":true,"href":"https:\/\/litoral.ufpr.br\/servicosocial\/wp-json\/wp\/v2\/comments?post=362"}],"version-history":[{"count":1,"href":"https:\/\/litoral.ufpr.br\/servicosocial\/wp-json\/wp\/v2\/posts\/362\/revisions"}],"predecessor-version":[{"id":363,"href":"https:\/\/litoral.ufpr.br\/servicosocial\/wp-json\/wp\/v2\/posts\/362\/revisions\/363"}],"wp:attachment":[{"href":"https:\/\/litoral.ufpr.br\/servicosocial\/wp-json\/wp\/v2\/media?parent=362"}],"wp:term":[{"taxonomy":"category","embeddable":true,"href":"https:\/\/litoral.ufpr.br\/servicosocial\/wp-json\/wp\/v2\/categories?post=362"},{"taxonomy":"post_tag","embeddable":true,"href":"https:\/\/litoral.ufpr.br\/servicosocial\/wp-json\/wp\/v2\/tags?post=362"}],"curies":[{"name":"wp","href":"https:\/\/api.w.org\/{rel}","templated":true}]}}