{"id":270,"date":"2018-12-03T16:22:40","date_gmt":"2018-12-03T18:22:40","guid":{"rendered":"https:\/\/litoral.ufpr.br\/servicosocial\/?p=270"},"modified":"2018-12-05T16:45:55","modified_gmt":"2018-12-05T18:45:55","slug":"edital-no-182018-oferta-de-modulo-especial","status":"publish","type":"post","link":"https:\/\/litoral.ufpr.br\/servicosocial\/2018\/12\/03\/edital-no-182018-oferta-de-modulo-especial\/","title":{"rendered":"Edital n\u00ba 18\/2018 &#8211; Oferta de M\u00f3dulo Especial"},"content":{"rendered":"<p align=\"justify\">O m\u00f3dulo de\u00a0<strong>Temas Atuais em Servi\u00e7o Social (C\u00f3digo SLSS028)\u00a0<\/strong>ser\u00e1 ofertado para os estudantes do Curso de Servi\u00e7o Social, do dia <strong>11 a 20 de fevereiro de 2019<\/strong>, das 19 horas \u00e0s 23 horas, das segundas-feiras \u00e0s sextas-feiras, na Sala 35B da Universidade Federal do Paran\u00e1 &#8211; Setor Litoral.<\/p>\n<p>PRAZO para matr\u00edcula do\u00a0M\u00f3dulo:\u00a0cinco (5) dias \u00fateis, a partir de 03 de dezembro de 2018\u00a0(segunda-feira),\u00a0para apresentarem seus pedidos, via requerimento\u00a0(Requerimento de Matr\u00edcula), na\u00a0Recep\u00e7\u00e3o do Setor, os quais ser\u00e3o encaminhados \u00e0 C\u00e2mara do Curso de Servi\u00e7o Social.<\/p>\n<div><\/div>\n<div>\n<div>*N\u00e3o esque\u00e7am de\u00a0assinar\u00a0o Requerimento de Matr\u00edcula,\u00a0informar\u00a0o nome do\u00a0m\u00f3dulo\u00a0e seu c\u00f3digo, e que a solicita\u00e7\u00e3o \u00e9 para o\u00a0M\u00f3dulo\u00a0de Per\u00edodo\u00a0Especial.<\/div>\n<div><\/div>\n<\/div>\n<p><a href=\"https:\/\/litoral.ufpr.br\/servicosocial\/wp-content\/uploads\/sites\/17\/2018\/12\/2018-2-Edital-18-Oferta-de-M\u00f3dulo-Especial.pdf\" target=\"_blank\">Edital n\u00ba 18\/2018 &#8211; Oferta de M\u00f3dulo Especial<\/a><\/p>\n","protected":false},"excerpt":{"rendered":"<p>O m\u00f3dulo de\u00a0Temas Atuais em Servi\u00e7o Social (C\u00f3digo SLSS028)\u00a0ser\u00e1 ofertado para os estudantes do Curso de Servi\u00e7o Social, do dia 11 a 20 de fevereiro de 2019, das 19 horas \u00e0s 23 horas, das segundas-feiras \u00e0s sextas-feiras, na Sala 35B da Universidade Federal do Paran\u00e1 &#8211; Setor Litoral. PRAZO para matr\u00edcula do\u00a0M\u00f3dulo:\u00a0cinco (5) dias \u00fateis, [&hellip;]<\/p>\n","protected":false},"author":20,"featured_media":0,"comment_status":"open","ping_status":"open","sticky":false,"template":"","format":"standard","meta":{"_acf_changed":false,"footnotes":""},"categories":[13],"tags":[],"class_list":["post-270","post","type-post","status-publish","format-standard","hentry","category-informativo"],"acf":[],"_links":{"self":[{"href":"https:\/\/litoral.ufpr.br\/servicosocial\/wp-json\/wp\/v2\/posts\/270","targetHints":{"allow":["GET"]}}],"collection":[{"href":"https:\/\/litoral.ufpr.br\/servicosocial\/wp-json\/wp\/v2\/posts"}],"about":[{"href":"https:\/\/litoral.ufpr.br\/servicosocial\/wp-json\/wp\/v2\/types\/post"}],"author":[{"embeddable":true,"href":"https:\/\/litoral.ufpr.br\/servicosocial\/wp-json\/wp\/v2\/users\/20"}],"replies":[{"embeddable":true,"href":"https:\/\/litoral.ufpr.br\/servicosocial\/wp-json\/wp\/v2\/comments?post=270"}],"version-history":[{"count":1,"href":"https:\/\/litoral.ufpr.br\/servicosocial\/wp-json\/wp\/v2\/posts\/270\/revisions"}],"predecessor-version":[{"id":272,"href":"https:\/\/litoral.ufpr.br\/servicosocial\/wp-json\/wp\/v2\/posts\/270\/revisions\/272"}],"wp:attachment":[{"href":"https:\/\/litoral.ufpr.br\/servicosocial\/wp-json\/wp\/v2\/media?parent=270"}],"wp:term":[{"taxonomy":"category","embeddable":true,"href":"https:\/\/litoral.ufpr.br\/servicosocial\/wp-json\/wp\/v2\/categories?post=270"},{"taxonomy":"post_tag","embeddable":true,"href":"https:\/\/litoral.ufpr.br\/servicosocial\/wp-json\/wp\/v2\/tags?post=270"}],"curies":[{"name":"wp","href":"https:\/\/api.w.org\/{rel}","templated":true}]}}