{"id":945,"date":"2021-03-23T17:42:35","date_gmt":"2021-03-23T20:42:35","guid":{"rendered":"https:\/\/litoral.ufpr.br\/saudecoletiva\/?p=945"},"modified":"2021-03-23T17:43:42","modified_gmt":"2021-03-23T20:43:42","slug":"edital-01-21-atividades-formativas-complementares","status":"publish","type":"post","link":"https:\/\/litoral.ufpr.br\/saudecoletiva\/2021\/03\/23\/edital-01-21-atividades-formativas-complementares\/","title":{"rendered":"EDITAL 01\/21 \u2013 ATIVIDADES FORMATIVAS COMPLEMENTARES"},"content":{"rendered":"\n<p>Est\u00e1 dispon\u00edvel o primeiro edital de 2021 referente \u00e0 entrega das\u00a0<strong>Atividades\u00a0Formativas\u00a0Complementares<\/strong>\u00a0<strong>para a Turma 2017 e anteriores<\/strong>.<\/p>\n\n\n\n<p>O prazo para recebimento das atividades ser\u00e1\u00a0<strong>at\u00e9 30\/04\/2021<\/strong>, os documentos devem ser entregues via e-mail da c\u00e2mara: camara.sc@ufpr.br, conforme edital.<\/p>\n\n\n\n<p>Vale lembrar que as Atividades\u00a0Formativas\u00a0Complementares\u00a0constituem exig\u00eancia para conclus\u00e3o do curso.<\/p>\n\n\n\n<div class=\"wp-block-file\"><a href=\"https:\/\/litoral.ufpr.br\/saudecoletiva\/wp-content\/uploads\/sites\/16\/2021\/03\/Edital-01-AFC-2021_01.pdf\">Edital-01-AFC-2021_01<\/a><a href=\"https:\/\/litoral.ufpr.br\/saudecoletiva\/wp-content\/uploads\/sites\/16\/2021\/03\/Edital-01-AFC-2021_01.pdf\" class=\"wp-block-file__button\" download>Baixar<\/a><\/div>\n\n\n\n<p><\/p>\n","protected":false},"excerpt":{"rendered":"<p>Est\u00e1 dispon\u00edvel o primeiro edital de 2021 referente \u00e0 entrega das\u00a0Atividades\u00a0Formativas\u00a0Complementares\u00a0para a Turma 2017 e anteriores. O prazo para recebimento das atividades ser\u00e1\u00a0at\u00e9 30\/04\/2021, os documentos devem ser entregues via e-mail da c\u00e2mara: camara.sc@ufpr.br, conforme edital. Vale lembrar que as Atividades\u00a0Formativas\u00a0Complementares\u00a0constituem exig\u00eancia para conclus\u00e3o do curso.<\/p>\n","protected":false},"author":1586,"featured_media":0,"comment_status":"open","ping_status":"open","sticky":false,"template":"","format":"standard","meta":{"_acf_changed":false,"footnotes":""},"categories":[13],"tags":[],"class_list":["post-945","post","type-post","status-publish","format-standard","hentry","category-informativo"],"acf":[],"_links":{"self":[{"href":"https:\/\/litoral.ufpr.br\/saudecoletiva\/wp-json\/wp\/v2\/posts\/945","targetHints":{"allow":["GET"]}}],"collection":[{"href":"https:\/\/litoral.ufpr.br\/saudecoletiva\/wp-json\/wp\/v2\/posts"}],"about":[{"href":"https:\/\/litoral.ufpr.br\/saudecoletiva\/wp-json\/wp\/v2\/types\/post"}],"author":[{"embeddable":true,"href":"https:\/\/litoral.ufpr.br\/saudecoletiva\/wp-json\/wp\/v2\/users\/1586"}],"replies":[{"embeddable":true,"href":"https:\/\/litoral.ufpr.br\/saudecoletiva\/wp-json\/wp\/v2\/comments?post=945"}],"version-history":[{"count":1,"href":"https:\/\/litoral.ufpr.br\/saudecoletiva\/wp-json\/wp\/v2\/posts\/945\/revisions"}],"predecessor-version":[{"id":947,"href":"https:\/\/litoral.ufpr.br\/saudecoletiva\/wp-json\/wp\/v2\/posts\/945\/revisions\/947"}],"wp:attachment":[{"href":"https:\/\/litoral.ufpr.br\/saudecoletiva\/wp-json\/wp\/v2\/media?parent=945"}],"wp:term":[{"taxonomy":"category","embeddable":true,"href":"https:\/\/litoral.ufpr.br\/saudecoletiva\/wp-json\/wp\/v2\/categories?post=945"},{"taxonomy":"post_tag","embeddable":true,"href":"https:\/\/litoral.ufpr.br\/saudecoletiva\/wp-json\/wp\/v2\/tags?post=945"}],"curies":[{"name":"wp","href":"https:\/\/api.w.org\/{rel}","templated":true}]}}