{"id":1540,"date":"2023-03-07T12:00:09","date_gmt":"2023-03-07T15:00:09","guid":{"rendered":"https:\/\/litoral.ufpr.br\/saudecoletiva\/?p=1540"},"modified":"2023-03-07T12:00:09","modified_gmt":"2023-03-07T15:00:09","slug":"aberta-a-inscricao-para-professor-substituto-do-curso-de-saude-colet","status":"publish","type":"post","link":"https:\/\/litoral.ufpr.br\/saudecoletiva\/2023\/03\/07\/aberta-a-inscricao-para-professor-substituto-do-curso-de-saude-colet\/","title":{"rendered":"Aberta a\u00a0inscri\u00e7\u00e3o para                          PROFESSOR SUBSTITUTO                                      do curso                                                                  de SA\u00daDE COLETIVA"},"content":{"rendered":"\n<p>EDITAL 41\/2023 \u2013 Sa\u00fade Coletiva<\/p>\n\n\n\n<p>\u00c1rea de Conhecimento: Sa\u00fade Coletiva<\/p>\n\n\n\n<p>Per\u00edodo de Inscri\u00e7\u00f5es: Das 8h do dia 06\/03\/2023 \u00e0s 17h do dia 10\/03\/2023<\/p>\n\n\n\n<p>Link para Resolu\u00e7\u00f5es: <a href=\"http:\/\/www.progepe.ufpr.br\/progepe\/concursos\/docente\/concursos_publicos\/resolucoes.html\">http:\/\/www.progepe.ufpr.br\/progepe\/concursos\/docente\/concursos_publicos\/resolucoes.html<\/a><\/p>\n\n\n\n<p>Mais informa\u00e7\u00f5es clique aqui<\/p>\n\n\n\n<p>Situa\u00e7\u00e3o do Processo: Inscri\u00e7\u00f5es Abertas<\/p>\n","protected":false},"excerpt":{"rendered":"<p>EDITAL 41\/2023 \u2013 Sa\u00fade Coletiva \u00c1rea de Conhecimento: Sa\u00fade Coletiva Per\u00edodo de Inscri\u00e7\u00f5es: Das 8h do dia 06\/03\/2023 \u00e0s 17h do dia 10\/03\/2023 Link para Resolu\u00e7\u00f5es: http:\/\/www.progepe.ufpr.br\/progepe\/concursos\/docente\/concursos_publicos\/resolucoes.html Mais informa\u00e7\u00f5es clique aqui Situa\u00e7\u00e3o do Processo: Inscri\u00e7\u00f5es Abertas<\/p>\n","protected":false},"author":1634,"featured_media":0,"comment_status":"open","ping_status":"open","sticky":false,"template":"","format":"standard","meta":{"_acf_changed":false,"footnotes":""},"categories":[13,1],"tags":[],"class_list":["post-1540","post","type-post","status-publish","format-standard","hentry","category-informativo","category-sem-categoria"],"acf":[],"_links":{"self":[{"href":"https:\/\/litoral.ufpr.br\/saudecoletiva\/wp-json\/wp\/v2\/posts\/1540","targetHints":{"allow":["GET"]}}],"collection":[{"href":"https:\/\/litoral.ufpr.br\/saudecoletiva\/wp-json\/wp\/v2\/posts"}],"about":[{"href":"https:\/\/litoral.ufpr.br\/saudecoletiva\/wp-json\/wp\/v2\/types\/post"}],"author":[{"embeddable":true,"href":"https:\/\/litoral.ufpr.br\/saudecoletiva\/wp-json\/wp\/v2\/users\/1634"}],"replies":[{"embeddable":true,"href":"https:\/\/litoral.ufpr.br\/saudecoletiva\/wp-json\/wp\/v2\/comments?post=1540"}],"version-history":[{"count":1,"href":"https:\/\/litoral.ufpr.br\/saudecoletiva\/wp-json\/wp\/v2\/posts\/1540\/revisions"}],"predecessor-version":[{"id":1541,"href":"https:\/\/litoral.ufpr.br\/saudecoletiva\/wp-json\/wp\/v2\/posts\/1540\/revisions\/1541"}],"wp:attachment":[{"href":"https:\/\/litoral.ufpr.br\/saudecoletiva\/wp-json\/wp\/v2\/media?parent=1540"}],"wp:term":[{"taxonomy":"category","embeddable":true,"href":"https:\/\/litoral.ufpr.br\/saudecoletiva\/wp-json\/wp\/v2\/categories?post=1540"},{"taxonomy":"post_tag","embeddable":true,"href":"https:\/\/litoral.ufpr.br\/saudecoletiva\/wp-json\/wp\/v2\/tags?post=1540"}],"curies":[{"name":"wp","href":"https:\/\/api.w.org\/{rel}","templated":true}]}}