{"id":1053,"date":"2021-07-30T16:37:14","date_gmt":"2021-07-30T19:37:14","guid":{"rendered":"https:\/\/litoral.ufpr.br\/nte\/?p=1053"},"modified":"2021-09-12T00:18:59","modified_gmt":"2021-09-12T03:18:59","slug":"editais-gerais","status":"publish","type":"post","link":"https:\/\/litoral.ufpr.br\/nte\/2021\/07\/30\/editais-gerais\/","title":{"rendered":"Editais Gerais"},"content":{"rendered":"\n<div class=\"wp-block-buttons is-layout-flex wp-block-buttons-is-layout-flex\">\n<div class=\"wp-block-button is-style-outline is-style-outline--1\"><a class=\"wp-block-button__link\" href=\"http:\/\/www.prppg.ufpr.br\/site\/\" style=\"border-radius:1px\" target=\"_blank\" rel=\"noreferrer noopener\">Pr\u00f3-Reitoria de Pesquisa e P\u00f3s-Gradua\u00e7\u00e3o<\/a><\/div>\n<\/div>\n\n\n\n<div class=\"wp-block-buttons is-layout-flex wp-block-buttons-is-layout-flex\">\n<div class=\"wp-block-button is-style-fill\"><a class=\"wp-block-button__link\" href=\"http:\/\/www.proec.ufpr.br\/links\/extensao\/editais_chamadas_internas.html\" style=\"border-radius:1px\" target=\"_blank\" rel=\"noreferrer noopener\">Coordenadora de Extens\u00e3o<\/a><\/div>\n<\/div>\n\n\n\n<div class=\"wp-block-buttons is-layout-flex wp-block-buttons-is-layout-flex\">\n<div class=\"wp-block-button is-style-outline is-style-outline--2\"><a class=\"wp-block-button__link no-border-radius\" href=\"https:\/\/internacional.ufpr.br\/\" target=\"_blank\" rel=\"noreferrer noopener\">UFPR Internacional <\/a><\/div>\n<\/div>\n\n\n\n<div class=\"wp-block-button\"><a class=\"wp-block-button__link no-border-radius\" href=\"http:\/\/www.prograd.ufpr.br\/coafe\/uaf\/\" target=\"_blank\" rel=\"noreferrer noopener\">  Pr\u00f3-Reitoria de Gradua\u00e7\u00e3o e Educa\u00e7\u00e3o Profissional&nbsp; PROGRAD <\/a><\/div>\n\n\n\n<p><\/p>\n\n\n\n<div class=\"wp-block-button is-style-outline is-style-outline--3\"><a class=\"wp-block-button__link no-border-radius\" href=\"https:\/\/www.prppg.ufpr.br\/siga\/visitante\/ConsultarProcessos?operacao=buscarProcessosAbertos\" target=\"_blank\" rel=\"noreferrer noopener\">Processos seletivos abertos &#8211; SIGA UFPR<\/a><\/div>\n\n\n\n<p><\/p>\n\n\n\n<div class=\"wp-block-buttons is-layout-flex wp-block-buttons-is-layout-flex\">\n<div class=\"wp-block-button is-style-fill\"><a class=\"wp-block-button__link no-border-radius\" href=\"http:\/\/www.prppg.ufpr.br\/site\/portalcapacitacao\/wp-content\/uploads\/sites\/113\/2021\/09\/edital-04-2021-progepe-cdp.pdf\" target=\"_blank\" rel=\"noreferrer noopener\">Pr\u00f3-Reitor de Gest\u00e3o de Pessoas UFPR &#8211; PROGEPE<\/a><\/div>\n<\/div>\n\n\n\n<p><\/p>\n","protected":false},"excerpt":{"rendered":"","protected":false},"author":1601,"featured_media":0,"comment_status":"open","ping_status":"open","sticky":false,"template":"","format":"standard","meta":{"_acf_changed":false,"footnotes":""},"categories":[1],"tags":[],"class_list":["post-1053","post","type-post","status-publish","format-standard","hentry","category-sem-categoria"],"acf":[],"_links":{"self":[{"href":"https:\/\/litoral.ufpr.br\/nte\/wp-json\/wp\/v2\/posts\/1053","targetHints":{"allow":["GET"]}}],"collection":[{"href":"https:\/\/litoral.ufpr.br\/nte\/wp-json\/wp\/v2\/posts"}],"about":[{"href":"https:\/\/litoral.ufpr.br\/nte\/wp-json\/wp\/v2\/types\/post"}],"author":[{"embeddable":true,"href":"https:\/\/litoral.ufpr.br\/nte\/wp-json\/wp\/v2\/users\/1601"}],"replies":[{"embeddable":true,"href":"https:\/\/litoral.ufpr.br\/nte\/wp-json\/wp\/v2\/comments?post=1053"}],"version-history":[{"count":18,"href":"https:\/\/litoral.ufpr.br\/nte\/wp-json\/wp\/v2\/posts\/1053\/revisions"}],"predecessor-version":[{"id":1402,"href":"https:\/\/litoral.ufpr.br\/nte\/wp-json\/wp\/v2\/posts\/1053\/revisions\/1402"}],"wp:attachment":[{"href":"https:\/\/litoral.ufpr.br\/nte\/wp-json\/wp\/v2\/media?parent=1053"}],"wp:term":[{"taxonomy":"category","embeddable":true,"href":"https:\/\/litoral.ufpr.br\/nte\/wp-json\/wp\/v2\/categories?post=1053"},{"taxonomy":"post_tag","embeddable":true,"href":"https:\/\/litoral.ufpr.br\/nte\/wp-json\/wp\/v2\/tags?post=1053"}],"curies":[{"name":"wp","href":"https:\/\/api.w.org\/{rel}","templated":true}]}}