{"id":254,"date":"2024-12-17T11:48:02","date_gmt":"2024-12-17T14:48:02","guid":{"rendered":"https:\/\/litoral.ufpr.br\/neajucara\/?p=254"},"modified":"2024-12-17T11:51:57","modified_gmt":"2024-12-17T14:51:57","slug":"encontro-de-gts-da-aba-e-celebracao-de-20-anos-da-associacao","status":"publish","type":"post","link":"https:\/\/litoral.ufpr.br\/neajucara\/2024\/12\/17\/encontro-de-gts-da-aba-e-celebracao-de-20-anos-da-associacao\/","title":{"rendered":"Encontro de GTs da ABA e celebra\u00e7\u00e3o de 20 anos da Associa\u00e7\u00e3o"},"content":{"rendered":"\n<figure class=\"wp-block-image size-full\"><img loading=\"lazy\" decoding=\"async\" width=\"1600\" height=\"1066\" src=\"https:\/\/litoral.ufpr.br\/neajucara\/wp-content\/uploads\/sites\/33\/2024\/12\/WhatsApp-Image-2024-12-17-at-11.21.07-1-3.jpeg\" alt=\"\" class=\"wp-image-244\" \/><\/figure>\n","protected":false},"excerpt":{"rendered":"<p>Entre 5 e 7 de dezembro de 2024 o NEA JU\u00c7ARA, por meio de sua Coordenadora Prof. Gabriela Schenato Bica, esteve presente no Encontro de GTs da ABA \u2013 Associa\u00e7\u00e3o Brasileira de Agroecologia, ocorrido em Brasilia\/DF. <\/p>\n","protected":false},"author":1667,"featured_media":244,"comment_status":"open","ping_status":"open","sticky":false,"template":"","format":"standard","meta":{"_acf_changed":false,"footnotes":""},"categories":[2],"tags":[],"class_list":["post-254","post","type-post","status-publish","format-standard","has-post-thumbnail","hentry","category-informativo"],"acf":[],"_links":{"self":[{"href":"https:\/\/litoral.ufpr.br\/neajucara\/wp-json\/wp\/v2\/posts\/254","targetHints":{"allow":["GET"]}}],"collection":[{"href":"https:\/\/litoral.ufpr.br\/neajucara\/wp-json\/wp\/v2\/posts"}],"about":[{"href":"https:\/\/litoral.ufpr.br\/neajucara\/wp-json\/wp\/v2\/types\/post"}],"author":[{"embeddable":true,"href":"https:\/\/litoral.ufpr.br\/neajucara\/wp-json\/wp\/v2\/users\/1667"}],"replies":[{"embeddable":true,"href":"https:\/\/litoral.ufpr.br\/neajucara\/wp-json\/wp\/v2\/comments?post=254"}],"version-history":[{"count":5,"href":"https:\/\/litoral.ufpr.br\/neajucara\/wp-json\/wp\/v2\/posts\/254\/revisions"}],"predecessor-version":[{"id":259,"href":"https:\/\/litoral.ufpr.br\/neajucara\/wp-json\/wp\/v2\/posts\/254\/revisions\/259"}],"wp:featuredmedia":[{"embeddable":true,"href":"https:\/\/litoral.ufpr.br\/neajucara\/wp-json\/wp\/v2\/media\/244"}],"wp:attachment":[{"href":"https:\/\/litoral.ufpr.br\/neajucara\/wp-json\/wp\/v2\/media?parent=254"}],"wp:term":[{"taxonomy":"category","embeddable":true,"href":"https:\/\/litoral.ufpr.br\/neajucara\/wp-json\/wp\/v2\/categories?post=254"},{"taxonomy":"post_tag","embeddable":true,"href":"https:\/\/litoral.ufpr.br\/neajucara\/wp-json\/wp\/v2\/tags?post=254"}],"curies":[{"name":"wp","href":"https:\/\/api.w.org\/{rel}","templated":true}]}}