{"id":778,"date":"2021-03-09T09:42:23","date_gmt":"2021-03-09T12:42:23","guid":{"rendered":"https:\/\/litoral.ufpr.br\/lecampo\/?p=778"},"modified":"2021-03-09T09:45:01","modified_gmt":"2021-03-09T12:45:01","slug":"vestibular-de-licenciatura-em-educacao-do-campo","status":"publish","type":"post","link":"https:\/\/litoral.ufpr.br\/lecampo\/2021\/03\/09\/vestibular-de-licenciatura-em-educacao-do-campo\/","title":{"rendered":"Vestibular Licenciatura em Educa\u00e7\u00e3o do Campo 2021 &#8211; Acesse o Edital e tire suas d\u00favidas"},"content":{"rendered":"\n<p>O curso de Licenciatura em Educa\u00e7\u00e3o do Campo da UFPR Litoral abre inscri\u00e7\u00f5es no dia 1\u00b0. de abril para o processo seletivo 2021.<\/p>\n\n\n\n<p>O curso tem o objetivo de ofertar uma forma\u00e7\u00e3o na qual o egresso possa atuar: a) na doc\u00eancia nas s\u00e9ries finais do ensino fundamental e ensino m\u00e9dio, neste caso, na \u00e1rea do conhecimento das Ci\u00eancias da Natureza; b) gest\u00e3o de processos educativos; c) organiza\u00e7\u00e3o de processos comunit\u00e1rios.<br>Na sua organiza\u00e7\u00e3o curricular prev\u00ea o Regime de Altern\u00e2ncia com&nbsp;o qual compreende: Tempo universidade (TU), que corresponde ao per\u00edodo em que o estudante permanece na Universidade em contato direto com o saber sistematizado, planejando e recebendo orienta\u00e7\u00f5es dos docentes e Tempo Comunidade (TC) , que corresponde ao per\u00edodo em que o estudante desenvolver\u00e1 pesquisas, projetos, entre outras atividades em suas comunidades, escolas e demais espa\u00e7os educativos&nbsp; a partir do planejamento e acompanhamento pedag\u00f3gico dos docentes do curso.&nbsp;<\/p>\n\n\n\n<p><strong>QUEM PODE FAZER O CURSO<\/strong>&nbsp;<\/p>\n\n\n\n<p>Os interessados devem ter conclu\u00eddo o Ensino M\u00e9dio e se identifiquem com uma das seguintes categorias abaixo conforme constam no edital:&nbsp;&nbsp;&nbsp;<\/p>\n\n\n\n<p>Categoria 1 \u2013 Educadores ou educadoras que prioritariamente n\u00e3o possuam qualquer curso de gradua\u00e7\u00e3o e que estejam em atividade nas escolas\/institui\u00e7\u00f5es do campo;<\/p>\n\n\n\n<p>Categoria 2 \u2013 Educadores ou educadoras que prioritariamente n\u00e3o possuam qualquer curso de gradua\u00e7\u00e3o e que atuem em processos educativos\/formativos desenvolvidos por entidades ligadas a espa\u00e7os educativos n\u00e3o formais vinculados ao campo, \u00e1guas e florestas;&nbsp;&nbsp;<\/p>\n\n\n\n<p>Categoria 3 \u2013 Pessoas que trabalham na agricultura familiar, nos assentamentos, nos acampamentos, arrendat\u00e1rios ou arrendat\u00e1rias, meeiros ou meeiras,&nbsp;boiasfrias, pescadores ou pescadoras, ind\u00edgenas, quilombolas, extrativistas e demais popula\u00e7\u00f5es tradicionais do campo e povos ind\u00edgenas;&nbsp;&nbsp;<\/p>\n\n\n\n<p>Categoria 4 \u2013 Pessoas atuantes nos movimentos sociais ligados ao campo, associa\u00e7\u00e3o de agricultores ou agricultores familiares, pescadores ou pescadoras, quilombolas, faxinalenses, povos ind\u00edgenas e demais popula\u00e7\u00f5es tradicionais do Brasil;&nbsp;&nbsp;<\/p>\n\n\n\n<p>Categoria 5 \u2013 Filhos ou filhas de agricultores ou agricultores familiares, assentados ou assentadas, acampados ou acampadas, pescadores ou pescadoras, quilombolas, faxinalenses, arrendat\u00e1rios ou arrendat\u00e1rias, meeiros ou meeiras, boias-frias, ind\u00edgenas ou extrativistas e demais trabalhadores e trabalhadoras assalariados que atuem na agricultura familiar.&nbsp;<\/p>\n\n\n\n<p>Importante: \u00c9 necess\u00e1rio que os candidatos e candidatas comprovem, conforme orienta\u00e7\u00f5es do&nbsp;edital,&nbsp; a&nbsp;categoria que se identificou.&nbsp;<\/p>\n\n\n\n<p><strong>DURA\u00c7\u00c3O&nbsp;<\/strong>&nbsp;<\/p>\n\n\n\n<p>4 anos (8 semestres)&nbsp;<\/p>\n\n\n\n<p><strong>VAGAS<\/strong>&nbsp;<\/p>\n\n\n\n<p>Ser\u00e3o ofertadas 40 (quarenta) vagas na modalidade presencial e em Regime de Altern\u00e2ncia dos estudantes, a serem ofertadas pela UFPR Litoral (Setor Litoral) na Escola Latino Americana de Agroecologia no Assentamento Contestado no munic\u00edpio da Lapa-PR, tendo tamb\u00e9m atividades relacionadas \u00e0s pr\u00e1ticas de ensino de Ci\u00eancias da Natureza nas depend\u00eancias da Universidade Federal do Paran\u00e1, prioritariamente, no Setor Litoral em Matinhos-PR.&nbsp;<\/p>\n\n\n\n<p><strong>VESTIBULAR<\/strong>&nbsp;<\/p>\n\n\n\n<p><strong>Sem taxa de inscri\u00e7\u00e3o.<\/strong>&nbsp;Inscri\u00e7\u00f5es de 01.04 as 12h do dia 31.04.2021. As provas do vestibular ser\u00e3o aplicadas nos dias 20 e 21.06.2021 na Escola Latino Americana de Agroecologia no Assentamento Contestado no munic\u00edpio da Lapa-PR, a partir das 14h. A inscri\u00e7\u00e3o poder\u00e1 ser feita no site do N\u00facleo de Concursos da UFPR no endere\u00e7o&nbsp;<a href=\"http:\/\/portal.nc.ufpr.br\/PortalNC\/Concurso?concurso=LECAMPO2021\">http:\/\/portal.nc.ufpr.br\/PortalNC\/Concurso?concurso=LECAMPO2021<\/a>&nbsp;<\/p>\n\n\n\n<p><strong>IN\u00cdCIO DAS AULAS<\/strong>&nbsp;<\/p>\n\n\n\n<p>Agosto de 2021&nbsp;<\/p>\n\n\n\n<p><strong>CONTATO E INFORMA\u00c7\u00d5ES<\/strong>&nbsp;<\/p>\n\n\n\n<p>Site:&nbsp;<a href=\"https:\/\/litoral.ufpr.br\/lecampo\/\">https:\/\/litoral.ufpr.br\/lecampo\/<\/a>&nbsp;&nbsp;<\/p>\n\n\n\n<p>e-mail:&nbsp;<a href=\"mailto:liceducampoufprlitoral@ufpr.br\">liceducampoufprlitoral@ufpr.br<\/a>&nbsp;<\/p>\n\n\n\n<p>Face: @lecampoufprlitoral\u00a0<\/p>\n\n\n\n<p><\/p>\n","protected":false},"excerpt":{"rendered":"<p>O curso de Licenciatura em Educa\u00e7\u00e3o do Campo da UFPR Litoral abre inscri\u00e7\u00f5es no dia 1\u00b0. de abril para o processo seletivo 2021. O curso tem o objetivo de ofertar uma forma\u00e7\u00e3o na qual o egresso possa atuar: a) na doc\u00eancia nas s\u00e9ries finais do ensino fundamental e ensino m\u00e9dio, neste caso, na \u00e1rea do [&hellip;]<\/p>\n","protected":false},"author":3,"featured_media":773,"comment_status":"open","ping_status":"open","sticky":false,"template":"","format":"standard","meta":{"_acf_changed":false,"footnotes":""},"categories":[13],"tags":[],"class_list":["post-778","post","type-post","status-publish","format-standard","has-post-thumbnail","hentry","category-informativo"],"acf":[],"_links":{"self":[{"href":"https:\/\/litoral.ufpr.br\/lecampo\/wp-json\/wp\/v2\/posts\/778","targetHints":{"allow":["GET"]}}],"collection":[{"href":"https:\/\/litoral.ufpr.br\/lecampo\/wp-json\/wp\/v2\/posts"}],"about":[{"href":"https:\/\/litoral.ufpr.br\/lecampo\/wp-json\/wp\/v2\/types\/post"}],"author":[{"embeddable":true,"href":"https:\/\/litoral.ufpr.br\/lecampo\/wp-json\/wp\/v2\/users\/3"}],"replies":[{"embeddable":true,"href":"https:\/\/litoral.ufpr.br\/lecampo\/wp-json\/wp\/v2\/comments?post=778"}],"version-history":[{"count":8,"href":"https:\/\/litoral.ufpr.br\/lecampo\/wp-json\/wp\/v2\/posts\/778\/revisions"}],"predecessor-version":[{"id":786,"href":"https:\/\/litoral.ufpr.br\/lecampo\/wp-json\/wp\/v2\/posts\/778\/revisions\/786"}],"wp:featuredmedia":[{"embeddable":true,"href":"https:\/\/litoral.ufpr.br\/lecampo\/wp-json\/wp\/v2\/media\/773"}],"wp:attachment":[{"href":"https:\/\/litoral.ufpr.br\/lecampo\/wp-json\/wp\/v2\/media?parent=778"}],"wp:term":[{"taxonomy":"category","embeddable":true,"href":"https:\/\/litoral.ufpr.br\/lecampo\/wp-json\/wp\/v2\/categories?post=778"},{"taxonomy":"post_tag","embeddable":true,"href":"https:\/\/litoral.ufpr.br\/lecampo\/wp-json\/wp\/v2\/tags?post=778"}],"curies":[{"name":"wp","href":"https:\/\/api.w.org\/{rel}","templated":true}]}}