{"id":7182,"date":"2022-05-20T18:11:27","date_gmt":"2022-05-20T21:11:27","guid":{"rendered":"https:\/\/litoral.ufpr.br\/educacaofisica\/?p=7182"},"modified":"2022-05-21T11:08:37","modified_gmt":"2022-05-21T14:08:37","slug":"matriculas-para-o-semestre-2022-1-comecam-amanha","status":"publish","type":"post","link":"https:\/\/litoral.ufpr.br\/educacaofisica\/2022\/05\/20\/matriculas-para-o-semestre-2022-1-comecam-amanha\/","title":{"rendered":"Matr\u00edculas EF para o semestre 2022\/1 come\u00e7am neste s\u00e1bado"},"content":{"rendered":"\n<p>A partir deste s\u00e1bado come\u00e7am as matr\u00edculas no SIGA, que v\u00e3o de <strong>21 a 25\/05<\/strong>, para o novo semestre, 2022\/1, que come\u00e7a no dia <strong>06\/06<\/strong>. <\/p>\n\n\n\n<figure class=\"wp-block-image size-large is-resized\"><img loading=\"lazy\" decoding=\"async\" src=\"https:\/\/litoral.ufpr.br\/educacaofisica\/wp-content\/uploads\/sites\/4\/2022\/05\/281848761_1830307853842728_4107438555315111533_n-1024x1024.jpg\" alt=\"\" class=\"wp-image-7188\" width=\"746\" height=\"746\" srcset=\"https:\/\/litoral.ufpr.br\/educacaofisica\/wp-content\/uploads\/sites\/4\/2022\/05\/281848761_1830307853842728_4107438555315111533_n-1024x1024.jpg 1024w, https:\/\/litoral.ufpr.br\/educacaofisica\/wp-content\/uploads\/sites\/4\/2022\/05\/281848761_1830307853842728_4107438555315111533_n-300x300.jpg 300w, https:\/\/litoral.ufpr.br\/educacaofisica\/wp-content\/uploads\/sites\/4\/2022\/05\/281848761_1830307853842728_4107438555315111533_n-150x150.jpg 150w, https:\/\/litoral.ufpr.br\/educacaofisica\/wp-content\/uploads\/sites\/4\/2022\/05\/281848761_1830307853842728_4107438555315111533_n-768x768.jpg 768w, https:\/\/litoral.ufpr.br\/educacaofisica\/wp-content\/uploads\/sites\/4\/2022\/05\/281848761_1830307853842728_4107438555315111533_n.jpg 1080w\" sizes=\"auto, (max-width: 746px) 100vw, 746px\" \/><\/figure>\n\n\n\n<p>Para solicitar, basta acessar o SIGA &gt; Disciplinas &gt; Solicita\u00e7\u00e3o\/Ajuste Matr\u00edcula.<\/p>\n\n\n\n<p><strong>Verifique os m\u00f3dulos que ser\u00e3o ofertados, seus respectivos dias, hor\u00e1rios e professores<\/strong>. <\/p>\n\n\n\n<figure class=\"wp-block-image size-full\"><img loading=\"lazy\" decoding=\"async\" width=\"873\" height=\"450\" src=\"https:\/\/litoral.ufpr.br\/educacaofisica\/wp-content\/uploads\/sites\/4\/2022\/05\/Captura-de-tela-2022-05-20-180016.png\" alt=\"\" class=\"wp-image-7184\" srcset=\"https:\/\/litoral.ufpr.br\/educacaofisica\/wp-content\/uploads\/sites\/4\/2022\/05\/Captura-de-tela-2022-05-20-180016.png 873w, https:\/\/litoral.ufpr.br\/educacaofisica\/wp-content\/uploads\/sites\/4\/2022\/05\/Captura-de-tela-2022-05-20-180016-300x155.png 300w, https:\/\/litoral.ufpr.br\/educacaofisica\/wp-content\/uploads\/sites\/4\/2022\/05\/Captura-de-tela-2022-05-20-180016-768x396.png 768w\" sizes=\"auto, (max-width: 873px) 100vw, 873px\" \/><\/figure>\n\n\n\n<figure class=\"wp-block-image size-full is-resized\"><img loading=\"lazy\" decoding=\"async\" src=\"https:\/\/litoral.ufpr.br\/educacaofisica\/wp-content\/uploads\/sites\/4\/2022\/05\/Captura-de-tela-2022-05-21-110544.jpg\" alt=\"\" class=\"wp-image-7198\" width=\"840\" height=\"454\" srcset=\"https:\/\/litoral.ufpr.br\/educacaofisica\/wp-content\/uploads\/sites\/4\/2022\/05\/Captura-de-tela-2022-05-21-110544.jpg 798w, https:\/\/litoral.ufpr.br\/educacaofisica\/wp-content\/uploads\/sites\/4\/2022\/05\/Captura-de-tela-2022-05-21-110544-300x162.jpg 300w, https:\/\/litoral.ufpr.br\/educacaofisica\/wp-content\/uploads\/sites\/4\/2022\/05\/Captura-de-tela-2022-05-21-110544-768x415.jpg 768w\" sizes=\"auto, (max-width: 840px) 100vw, 840px\" \/><\/figure>\n\n\n\n<p><strong>Em anexo o Calend\u00e1rio 2022\/1 da UFPR<\/strong><\/p>\n\n\n\n<p><a rel=\"noreferrer noopener\" href=\"https:\/\/litoral.ufpr.br\/educacaofisica\/wp-content\/uploads\/sites\/4\/2022\/05\/RESOLUC\u0327A\u0303O-No-31-22-CEPE.pdf\" target=\"_blank\">https:\/\/litoral.ufpr.br\/educacaofisica\/wp-content\/uploads\/sites\/4\/2022\/05\/RESOLUC\u0327A\u0303O-No-31-22-CEPE.pdf<\/a><\/p>\n\n\n\n<p><\/p>\n\n\n\n<p><\/p>\n","protected":false},"excerpt":{"rendered":"<p>A partir deste s\u00e1bado come\u00e7am as matr\u00edculas no SIGA, que v\u00e3o de 21 a 25\/05, para o novo semestre, 2022\/1, que come\u00e7a no dia 06\/06. Para solicitar, basta acessar o SIGA &gt; Disciplinas &gt; Solicita\u00e7\u00e3o\/Ajuste Matr\u00edcula. Verifique os m\u00f3dulos que ser\u00e3o ofertados, seus respectivos dias, hor\u00e1rios e professores. Em anexo o Calend\u00e1rio 2022\/1 da UFPR [&hellip;]<\/p>\n","protected":false},"author":11,"featured_media":0,"comment_status":"open","ping_status":"open","sticky":false,"template":"","format":"standard","meta":{"_acf_changed":false,"footnotes":""},"categories":[6],"tags":[],"class_list":["post-7182","post","type-post","status-publish","format-standard","hentry","category-informativo"],"acf":[],"_links":{"self":[{"href":"https:\/\/litoral.ufpr.br\/educacaofisica\/wp-json\/wp\/v2\/posts\/7182","targetHints":{"allow":["GET"]}}],"collection":[{"href":"https:\/\/litoral.ufpr.br\/educacaofisica\/wp-json\/wp\/v2\/posts"}],"about":[{"href":"https:\/\/litoral.ufpr.br\/educacaofisica\/wp-json\/wp\/v2\/types\/post"}],"author":[{"embeddable":true,"href":"https:\/\/litoral.ufpr.br\/educacaofisica\/wp-json\/wp\/v2\/users\/11"}],"replies":[{"embeddable":true,"href":"https:\/\/litoral.ufpr.br\/educacaofisica\/wp-json\/wp\/v2\/comments?post=7182"}],"version-history":[{"count":11,"href":"https:\/\/litoral.ufpr.br\/educacaofisica\/wp-json\/wp\/v2\/posts\/7182\/revisions"}],"predecessor-version":[{"id":7201,"href":"https:\/\/litoral.ufpr.br\/educacaofisica\/wp-json\/wp\/v2\/posts\/7182\/revisions\/7201"}],"wp:attachment":[{"href":"https:\/\/litoral.ufpr.br\/educacaofisica\/wp-json\/wp\/v2\/media?parent=7182"}],"wp:term":[{"taxonomy":"category","embeddable":true,"href":"https:\/\/litoral.ufpr.br\/educacaofisica\/wp-json\/wp\/v2\/categories?post=7182"},{"taxonomy":"post_tag","embeddable":true,"href":"https:\/\/litoral.ufpr.br\/educacaofisica\/wp-json\/wp\/v2\/tags?post=7182"}],"curies":[{"name":"wp","href":"https:\/\/api.w.org\/{rel}","templated":true}]}}