{"id":7052,"date":"2021-10-31T22:34:26","date_gmt":"2021-11-01T01:34:26","guid":{"rendered":"https:\/\/litoral.ufpr.br\/educacaofisica\/?p=7052"},"modified":"2021-10-31T22:34:26","modified_gmt":"2021-11-01T01:34:26","slug":"estudantes-do-fundamental-participam-de-oficina-de-educacao-somatica-e-ginastica-natural","status":"publish","type":"post","link":"https:\/\/litoral.ufpr.br\/educacaofisica\/2021\/10\/31\/estudantes-do-fundamental-participam-de-oficina-de-educacao-somatica-e-ginastica-natural\/","title":{"rendered":"Estudantes do Fundamental participam de oficina de Educa\u00e7\u00e3o Som\u00e1tica e Gin\u00e1stica Natural"},"content":{"rendered":"\n<p>O grupo de bolsistas Licenciar ministrou nos dias 20 e 21\/10 aulas sobre <em>Educa\u00e7\u00e3o Som\u00e1tica<\/em> e <em>Gin\u00e1stica Natural <\/em>para as turmas do <strong>Prof. Raphael Pauperio<\/strong> (sexto e s\u00e9timo ano) e da <strong>Profa. Daniela Scramim<\/strong> (oitavo e novo ano) do Ensino Fundamental da <strong>Escola C\u00edvico-Militar Abigail Santos Correa<\/strong>.<\/p>\n\n\n\n<p>A <em>Educa\u00e7\u00e3o Som\u00e1tica <\/em>\u00e9 um campo te\u00f3rico-pr\u00e1tico composto de diferentes m\u00e9todos cujo eixo de atua\u00e7\u00e3o \u00e9 o movimento do corpo como via de transforma\u00e7\u00e3o de desequil\u00edbrios mec\u00e2nico, fisiol\u00f3gico, neurol\u00f3gico, cognitivo e\/ou afetivo de uma pessoa.<\/p>\n\n\n\n<figure class=\"wp-block-gallery columns-3 is-cropped wp-block-gallery-1 is-layout-flex wp-block-gallery-is-layout-flex\"><ul class=\"blocks-gallery-grid\"><li class=\"blocks-gallery-item\"><figure><img loading=\"lazy\" decoding=\"async\" width=\"713\" height=\"1022\" src=\"https:\/\/litoral.ufpr.br\/educacaofisica\/wp-content\/uploads\/sites\/4\/2021\/10\/WhatsApp-Image-2021-10-20-at-15.11.28.jpeg\" alt=\"\" data-id=\"7053\" data-link=\"https:\/\/litoral.ufpr.br\/educacaofisica\/?attachment_id=7053\" class=\"wp-image-7053\" srcset=\"https:\/\/litoral.ufpr.br\/educacaofisica\/wp-content\/uploads\/sites\/4\/2021\/10\/WhatsApp-Image-2021-10-20-at-15.11.28.jpeg 713w, https:\/\/litoral.ufpr.br\/educacaofisica\/wp-content\/uploads\/sites\/4\/2021\/10\/WhatsApp-Image-2021-10-20-at-15.11.28-209x300.jpeg 209w\" sizes=\"auto, (max-width: 713px) 100vw, 713px\" \/><\/figure><\/li><li class=\"blocks-gallery-item\"><figure><img loading=\"lazy\" decoding=\"async\" width=\"697\" height=\"686\" src=\"https:\/\/litoral.ufpr.br\/educacaofisica\/wp-content\/uploads\/sites\/4\/2021\/10\/WhatsApp-Image-2021-10-20-at-14.01.01-1.jpeg\" alt=\"\" data-id=\"7054\" data-link=\"https:\/\/litoral.ufpr.br\/educacaofisica\/?attachment_id=7054\" class=\"wp-image-7054\" srcset=\"https:\/\/litoral.ufpr.br\/educacaofisica\/wp-content\/uploads\/sites\/4\/2021\/10\/WhatsApp-Image-2021-10-20-at-14.01.01-1.jpeg 697w, https:\/\/litoral.ufpr.br\/educacaofisica\/wp-content\/uploads\/sites\/4\/2021\/10\/WhatsApp-Image-2021-10-20-at-14.01.01-1-300x295.jpeg 300w\" sizes=\"auto, (max-width: 697px) 100vw, 697px\" \/><\/figure><\/li><li class=\"blocks-gallery-item\"><figure><img loading=\"lazy\" decoding=\"async\" width=\"697\" height=\"685\" src=\"https:\/\/litoral.ufpr.br\/educacaofisica\/wp-content\/uploads\/sites\/4\/2021\/10\/WhatsApp-Image-2021-10-20-at-14.01.01-2.jpeg\" alt=\"\" data-id=\"7055\" data-link=\"https:\/\/litoral.ufpr.br\/educacaofisica\/?attachment_id=7055\" class=\"wp-image-7055\" srcset=\"https:\/\/litoral.ufpr.br\/educacaofisica\/wp-content\/uploads\/sites\/4\/2021\/10\/WhatsApp-Image-2021-10-20-at-14.01.01-2.jpeg 697w, https:\/\/litoral.ufpr.br\/educacaofisica\/wp-content\/uploads\/sites\/4\/2021\/10\/WhatsApp-Image-2021-10-20-at-14.01.01-2-300x295.jpeg 300w\" sizes=\"auto, (max-width: 697px) 100vw, 697px\" \/><\/figure><\/li><li class=\"blocks-gallery-item\"><figure><img loading=\"lazy\" decoding=\"async\" width=\"711\" height=\"1024\" src=\"https:\/\/litoral.ufpr.br\/educacaofisica\/wp-content\/uploads\/sites\/4\/2021\/10\/WhatsApp-Image-2021-10-20-at-14.01.01-711x1024.jpeg\" alt=\"\" data-id=\"7056\" data-link=\"https:\/\/litoral.ufpr.br\/educacaofisica\/?attachment_id=7056\" class=\"wp-image-7056\" srcset=\"https:\/\/litoral.ufpr.br\/educacaofisica\/wp-content\/uploads\/sites\/4\/2021\/10\/WhatsApp-Image-2021-10-20-at-14.01.01-711x1024.jpeg 711w, https:\/\/litoral.ufpr.br\/educacaofisica\/wp-content\/uploads\/sites\/4\/2021\/10\/WhatsApp-Image-2021-10-20-at-14.01.01-208x300.jpeg 208w, https:\/\/litoral.ufpr.br\/educacaofisica\/wp-content\/uploads\/sites\/4\/2021\/10\/WhatsApp-Image-2021-10-20-at-14.01.01.jpeg 719w\" sizes=\"auto, (max-width: 711px) 100vw, 711px\" \/><\/figure><\/li><li class=\"blocks-gallery-item\"><figure><img loading=\"lazy\" decoding=\"async\" width=\"710\" height=\"1024\" src=\"https:\/\/litoral.ufpr.br\/educacaofisica\/wp-content\/uploads\/sites\/4\/2021\/10\/WhatsApp-Image-2021-10-20-at-14.01.00-710x1024.jpeg\" alt=\"\" data-id=\"7057\" data-full-url=\"https:\/\/litoral.ufpr.br\/educacaofisica\/wp-content\/uploads\/sites\/4\/2021\/10\/WhatsApp-Image-2021-10-20-at-14.01.00.jpeg\" data-link=\"https:\/\/litoral.ufpr.br\/educacaofisica\/?attachment_id=7057\" class=\"wp-image-7057\" srcset=\"https:\/\/litoral.ufpr.br\/educacaofisica\/wp-content\/uploads\/sites\/4\/2021\/10\/WhatsApp-Image-2021-10-20-at-14.01.00-710x1024.jpeg 710w, https:\/\/litoral.ufpr.br\/educacaofisica\/wp-content\/uploads\/sites\/4\/2021\/10\/WhatsApp-Image-2021-10-20-at-14.01.00-208x300.jpeg 208w, https:\/\/litoral.ufpr.br\/educacaofisica\/wp-content\/uploads\/sites\/4\/2021\/10\/WhatsApp-Image-2021-10-20-at-14.01.00.jpeg 720w\" sizes=\"auto, (max-width: 710px) 100vw, 710px\" \/><\/figure><\/li><\/ul><\/figure>\n\n\n\n<p>Inicialmente foi exposto um painel que definia alguns termos como <em>Soma<\/em> e <em>Sensibilidade Som\u00e1tica<\/em>, que \u00e9 a capacidade de detectar e processar a informa\u00e7\u00e3o sensorial gerada por algum est\u00edmulo proveniente do ambiente interno ou externo ao corpo. Os sentidos som\u00e1ticos podem ser: f\u00edsicos, qu\u00edmicos, cinest\u00e9sicos, vestibular e proprioceptivo.<\/p>\n\n\n\n<p>Depois foram demonstradas diferentes posturas emocionais como r\u00edgido, inchado, em colapso e denso.  Os estudantes executaram algumas posturas e exerc\u00edcios de relaxamento em dec\u00fabito dorsal, como a posi\u00e7\u00e3o twist. <\/p>\n\n\n\n<figure class=\"wp-block-gallery columns-3 is-cropped wp-block-gallery-2 is-layout-flex wp-block-gallery-is-layout-flex\"><ul class=\"blocks-gallery-grid\"><li class=\"blocks-gallery-item\"><figure><img loading=\"lazy\" decoding=\"async\" width=\"519\" height=\"1024\" src=\"https:\/\/litoral.ufpr.br\/educacaofisica\/wp-content\/uploads\/sites\/4\/2021\/10\/WhatsApp-Image-2021-10-20-at-16.14.52-519x1024.jpeg\" alt=\"\" data-id=\"7060\" data-link=\"https:\/\/litoral.ufpr.br\/educacaofisica\/?attachment_id=7060\" class=\"wp-image-7060\" srcset=\"https:\/\/litoral.ufpr.br\/educacaofisica\/wp-content\/uploads\/sites\/4\/2021\/10\/WhatsApp-Image-2021-10-20-at-16.14.52-519x1024.jpeg 519w, https:\/\/litoral.ufpr.br\/educacaofisica\/wp-content\/uploads\/sites\/4\/2021\/10\/WhatsApp-Image-2021-10-20-at-16.14.52-152x300.jpeg 152w, https:\/\/litoral.ufpr.br\/educacaofisica\/wp-content\/uploads\/sites\/4\/2021\/10\/WhatsApp-Image-2021-10-20-at-16.14.52.jpeg 649w\" sizes=\"auto, (max-width: 519px) 100vw, 519px\" \/><\/figure><\/li><li class=\"blocks-gallery-item\"><figure><img loading=\"lazy\" decoding=\"async\" width=\"578\" height=\"1024\" src=\"https:\/\/litoral.ufpr.br\/educacaofisica\/wp-content\/uploads\/sites\/4\/2021\/10\/WhatsApp-Image-2021-10-20-at-16.22.24-578x1024.jpeg\" alt=\"\" data-id=\"7061\" data-link=\"https:\/\/litoral.ufpr.br\/educacaofisica\/?attachment_id=7061\" class=\"wp-image-7061\" srcset=\"https:\/\/litoral.ufpr.br\/educacaofisica\/wp-content\/uploads\/sites\/4\/2021\/10\/WhatsApp-Image-2021-10-20-at-16.22.24-578x1024.jpeg 578w, https:\/\/litoral.ufpr.br\/educacaofisica\/wp-content\/uploads\/sites\/4\/2021\/10\/WhatsApp-Image-2021-10-20-at-16.22.24-169x300.jpeg 169w, https:\/\/litoral.ufpr.br\/educacaofisica\/wp-content\/uploads\/sites\/4\/2021\/10\/WhatsApp-Image-2021-10-20-at-16.22.24.jpeg 720w\" sizes=\"auto, (max-width: 578px) 100vw, 578px\" \/><\/figure><\/li><li class=\"blocks-gallery-item\"><figure><img loading=\"lazy\" decoding=\"async\" width=\"526\" height=\"1024\" src=\"https:\/\/litoral.ufpr.br\/educacaofisica\/wp-content\/uploads\/sites\/4\/2021\/10\/WhatsApp-Image-2021-10-21-at-09.32.39-526x1024.jpeg\" alt=\"\" data-id=\"7062\" data-link=\"https:\/\/litoral.ufpr.br\/educacaofisica\/?attachment_id=7062\" class=\"wp-image-7062\" srcset=\"https:\/\/litoral.ufpr.br\/educacaofisica\/wp-content\/uploads\/sites\/4\/2021\/10\/WhatsApp-Image-2021-10-21-at-09.32.39-526x1024.jpeg 526w, https:\/\/litoral.ufpr.br\/educacaofisica\/wp-content\/uploads\/sites\/4\/2021\/10\/WhatsApp-Image-2021-10-21-at-09.32.39-154x300.jpeg 154w, https:\/\/litoral.ufpr.br\/educacaofisica\/wp-content\/uploads\/sites\/4\/2021\/10\/WhatsApp-Image-2021-10-21-at-09.32.39.jpeg 627w\" sizes=\"auto, (max-width: 526px) 100vw, 526px\" \/><\/figure><\/li><\/ul><\/figure>\n\n\n\n<p>Em seguida, as turmas assistiram a um v\u00eddeo de <strong>Ginastica Natural<\/strong>, m\u00e9todo concebido por \u00c1lvaro Romano, no Brasil, que consiste na jun\u00e7\u00e3o de fundamentos da yoga e do jiu-jitsu e que re\u00fane movimentos naturais do homem primitivo e de animais. O v\u00eddeo exibia mais de 15 movimentos de animais como macaco, urso, lagarto, grilo, pulga, sapo, coelho e tantos outros.  <\/p>\n\n\n\n<p>As turmas se envolveram bastante e o feedback foi muito significativo.<\/p>\n\n\n\n<figure class=\"wp-block-gallery columns-3 is-cropped wp-block-gallery-3 is-layout-flex wp-block-gallery-is-layout-flex\"><ul class=\"blocks-gallery-grid\"><li class=\"blocks-gallery-item\"><figure><img loading=\"lazy\" decoding=\"async\" width=\"1024\" height=\"563\" src=\"https:\/\/litoral.ufpr.br\/educacaofisica\/wp-content\/uploads\/sites\/4\/2021\/10\/WhatsApp-Image-2021-10-20-at-13.54.29-1024x563.jpeg\" alt=\"\" data-id=\"7058\" data-link=\"https:\/\/litoral.ufpr.br\/educacaofisica\/?attachment_id=7058\" class=\"wp-image-7058\" srcset=\"https:\/\/litoral.ufpr.br\/educacaofisica\/wp-content\/uploads\/sites\/4\/2021\/10\/WhatsApp-Image-2021-10-20-at-13.54.29-1024x563.jpeg 1024w, https:\/\/litoral.ufpr.br\/educacaofisica\/wp-content\/uploads\/sites\/4\/2021\/10\/WhatsApp-Image-2021-10-20-at-13.54.29-300x165.jpeg 300w, https:\/\/litoral.ufpr.br\/educacaofisica\/wp-content\/uploads\/sites\/4\/2021\/10\/WhatsApp-Image-2021-10-20-at-13.54.29-768x422.jpeg 768w, https:\/\/litoral.ufpr.br\/educacaofisica\/wp-content\/uploads\/sites\/4\/2021\/10\/WhatsApp-Image-2021-10-20-at-13.54.29.jpeg 1287w\" sizes=\"auto, (max-width: 1024px) 100vw, 1024px\" \/><\/figure><\/li><li class=\"blocks-gallery-item\"><figure><img loading=\"lazy\" decoding=\"async\" width=\"1024\" height=\"569\" src=\"https:\/\/litoral.ufpr.br\/educacaofisica\/wp-content\/uploads\/sites\/4\/2021\/10\/WhatsApp-Image-2021-10-20-at-13.54.02-1024x569.jpeg\" alt=\"\" data-id=\"7059\" data-link=\"https:\/\/litoral.ufpr.br\/educacaofisica\/?attachment_id=7059\" class=\"wp-image-7059\" srcset=\"https:\/\/litoral.ufpr.br\/educacaofisica\/wp-content\/uploads\/sites\/4\/2021\/10\/WhatsApp-Image-2021-10-20-at-13.54.02-1024x569.jpeg 1024w, https:\/\/litoral.ufpr.br\/educacaofisica\/wp-content\/uploads\/sites\/4\/2021\/10\/WhatsApp-Image-2021-10-20-at-13.54.02-300x167.jpeg 300w, https:\/\/litoral.ufpr.br\/educacaofisica\/wp-content\/uploads\/sites\/4\/2021\/10\/WhatsApp-Image-2021-10-20-at-13.54.02-768x427.jpeg 768w, https:\/\/litoral.ufpr.br\/educacaofisica\/wp-content\/uploads\/sites\/4\/2021\/10\/WhatsApp-Image-2021-10-20-at-13.54.02.jpeg 1523w\" sizes=\"auto, (max-width: 1024px) 100vw, 1024px\" \/><\/figure><\/li><li class=\"blocks-gallery-item\"><figure><img loading=\"lazy\" decoding=\"async\" width=\"1024\" height=\"480\" src=\"https:\/\/litoral.ufpr.br\/educacaofisica\/wp-content\/uploads\/sites\/4\/2021\/10\/WhatsApp-Image-2021-10-21-at-09.29.41-1-1-1024x480.jpeg\" alt=\"\" data-id=\"7066\" data-full-url=\"https:\/\/litoral.ufpr.br\/educacaofisica\/wp-content\/uploads\/sites\/4\/2021\/10\/WhatsApp-Image-2021-10-21-at-09.29.41-1-1.jpeg\" data-link=\"https:\/\/litoral.ufpr.br\/educacaofisica\/?attachment_id=7066\" class=\"wp-image-7066\" srcset=\"https:\/\/litoral.ufpr.br\/educacaofisica\/wp-content\/uploads\/sites\/4\/2021\/10\/WhatsApp-Image-2021-10-21-at-09.29.41-1-1-1024x480.jpeg 1024w, https:\/\/litoral.ufpr.br\/educacaofisica\/wp-content\/uploads\/sites\/4\/2021\/10\/WhatsApp-Image-2021-10-21-at-09.29.41-1-1-300x141.jpeg 300w, https:\/\/litoral.ufpr.br\/educacaofisica\/wp-content\/uploads\/sites\/4\/2021\/10\/WhatsApp-Image-2021-10-21-at-09.29.41-1-1-768x360.jpeg 768w, https:\/\/litoral.ufpr.br\/educacaofisica\/wp-content\/uploads\/sites\/4\/2021\/10\/WhatsApp-Image-2021-10-21-at-09.29.41-1-1-1536x720.jpeg 1536w, https:\/\/litoral.ufpr.br\/educacaofisica\/wp-content\/uploads\/sites\/4\/2021\/10\/WhatsApp-Image-2021-10-21-at-09.29.41-1-1.jpeg 1589w\" sizes=\"auto, (max-width: 1024px) 100vw, 1024px\" \/><\/figure><\/li><\/ul><\/figure>\n\n\n\n<p>  <\/p>\n","protected":false},"excerpt":{"rendered":"<p>O grupo de bolsistas Licenciar ministrou nos dias 20 e 21\/10 aulas sobre Educa\u00e7\u00e3o Som\u00e1tica e Gin\u00e1stica Natural para as turmas do Prof. Raphael Pauperio (sexto e s\u00e9timo ano) e da Profa. Daniela Scramim (oitavo e novo ano) do Ensino Fundamental da Escola C\u00edvico-Militar Abigail Santos Correa. A Educa\u00e7\u00e3o Som\u00e1tica \u00e9 um campo te\u00f3rico-pr\u00e1tico composto [&hellip;]<\/p>\n","protected":false},"author":11,"featured_media":0,"comment_status":"open","ping_status":"open","sticky":false,"template":"","format":"standard","meta":{"_acf_changed":false,"footnotes":""},"categories":[6],"tags":[],"class_list":["post-7052","post","type-post","status-publish","format-standard","hentry","category-informativo"],"acf":[],"_links":{"self":[{"href":"https:\/\/litoral.ufpr.br\/educacaofisica\/wp-json\/wp\/v2\/posts\/7052","targetHints":{"allow":["GET"]}}],"collection":[{"href":"https:\/\/litoral.ufpr.br\/educacaofisica\/wp-json\/wp\/v2\/posts"}],"about":[{"href":"https:\/\/litoral.ufpr.br\/educacaofisica\/wp-json\/wp\/v2\/types\/post"}],"author":[{"embeddable":true,"href":"https:\/\/litoral.ufpr.br\/educacaofisica\/wp-json\/wp\/v2\/users\/11"}],"replies":[{"embeddable":true,"href":"https:\/\/litoral.ufpr.br\/educacaofisica\/wp-json\/wp\/v2\/comments?post=7052"}],"version-history":[{"count":3,"href":"https:\/\/litoral.ufpr.br\/educacaofisica\/wp-json\/wp\/v2\/posts\/7052\/revisions"}],"predecessor-version":[{"id":7069,"href":"https:\/\/litoral.ufpr.br\/educacaofisica\/wp-json\/wp\/v2\/posts\/7052\/revisions\/7069"}],"wp:attachment":[{"href":"https:\/\/litoral.ufpr.br\/educacaofisica\/wp-json\/wp\/v2\/media?parent=7052"}],"wp:term":[{"taxonomy":"category","embeddable":true,"href":"https:\/\/litoral.ufpr.br\/educacaofisica\/wp-json\/wp\/v2\/categories?post=7052"},{"taxonomy":"post_tag","embeddable":true,"href":"https:\/\/litoral.ufpr.br\/educacaofisica\/wp-json\/wp\/v2\/tags?post=7052"}],"curies":[{"name":"wp","href":"https:\/\/api.w.org\/{rel}","templated":true}]}}