{"id":7014,"date":"2021-10-01T15:12:56","date_gmt":"2021-10-01T18:12:56","guid":{"rendered":"https:\/\/litoral.ufpr.br\/educacaofisica\/?p=7014"},"modified":"2021-10-01T15:15:09","modified_gmt":"2021-10-01T18:15:09","slug":"webinarios-do-projeto-esporte-e-educacao-olimpica-estao-disponiveis-no-youtube","status":"publish","type":"post","link":"https:\/\/litoral.ufpr.br\/educacaofisica\/2021\/10\/01\/webinarios-do-projeto-esporte-e-educacao-olimpica-estao-disponiveis-no-youtube\/","title":{"rendered":"Webin\u00e1rios do Projeto Esporte e Educa\u00e7\u00e3o Ol\u00edmpica est\u00e3o dispon\u00edveis no Youtube"},"content":{"rendered":"\n<p>N\u00e3o deixe de acessar, acompanhar e curtir os webin\u00e1rios do <strong>Projeto Licenciar Esporte e Educa\u00e7\u00e3o Ol\u00edmpica da UFPR Litoral<\/strong>, coordenado pela <strong>Profa. Dra. Palmira Sevegnani<\/strong>, no canal do Youtube.<\/p>\n\n\n\n<p>O objetivo do projeto \u00e9 promover a\u00e7\u00f5es que v\u00e3o desde a educa\u00e7\u00e3o infantil at\u00e9 o ensino superior, articuladas com a rede p\u00fablica de ensino do litoral, com professores que atuam junto as escolas parceiras.<\/p>\n\n\n\n<p>Durante este per\u00edodo de pandemia, @s bolsistas do projeto t\u00eam produzido e editado uma s\u00e9rie de v\u00eddeos que re\u00fanem informa\u00e7\u00f5es hist\u00f3ricas, contextuais e did\u00e1ticas sobre diferentes desportos. <\/p>\n\n\n\n<figure class=\"wp-block-image size-full is-resized\"><img loading=\"lazy\" decoding=\"async\" src=\"https:\/\/litoral.ufpr.br\/educacaofisica\/wp-content\/uploads\/sites\/4\/2021\/10\/103551366_110330767389532_8770661267149738584_n.jpg\" alt=\"\" class=\"wp-image-7016\" width=\"709\" height=\"377\" srcset=\"https:\/\/litoral.ufpr.br\/educacaofisica\/wp-content\/uploads\/sites\/4\/2021\/10\/103551366_110330767389532_8770661267149738584_n.jpg 715w, https:\/\/litoral.ufpr.br\/educacaofisica\/wp-content\/uploads\/sites\/4\/2021\/10\/103551366_110330767389532_8770661267149738584_n-300x159.jpg 300w\" sizes=\"auto, (max-width: 709px) 100vw, 709px\" \/><\/figure>\n\n\n\n<p>Ao acessar o canal, voc\u00ea vai encontrar, na playlist, v\u00eddeos sobre Gin\u00e1stica Art\u00edstica, Badminton, Atletismo, V\u00f4lei de Praia, Skate, Jud\u00f4, T\u00eanis de Mesa, Rugby, Surf, P\u00f3lo Aqu\u00e1tico, Handebol e muitas informa\u00e7\u00f5es sobre Jogos Ol\u00edmpicos.<\/p>\n\n\n\n<p><strong>Acesse o link:<\/strong><\/p>\n\n\n\n<p><a rel=\"noreferrer noopener\" href=\"https:\/\/www.youtube.com\/channel\/UCancRDEYZPtMHnrjQP3fp7w\/featured\" data-type=\"URL\" data-id=\"https:\/\/www.youtube.com\/channel\/UCancRDEYZPtMHnrjQP3fp7w\/featured\" target=\"_blank\">https:\/\/www.youtube.com\/channel\/UCancRDEYZPtMHnrjQP3fp7w\/featured<\/a><\/p>\n","protected":false},"excerpt":{"rendered":"<p>N\u00e3o deixe de acessar, acompanhar e curtir os webin\u00e1rios do Projeto Licenciar Esporte e Educa\u00e7\u00e3o Ol\u00edmpica da UFPR Litoral, coordenado pela Profa. Dra. Palmira Sevegnani, no canal do Youtube. O objetivo do projeto \u00e9 promover a\u00e7\u00f5es que v\u00e3o desde a educa\u00e7\u00e3o infantil at\u00e9 o ensino superior, articuladas com a rede p\u00fablica de ensino do litoral, [&hellip;]<\/p>\n","protected":false},"author":11,"featured_media":0,"comment_status":"open","ping_status":"open","sticky":false,"template":"","format":"standard","meta":{"_acf_changed":false,"footnotes":""},"categories":[6],"tags":[],"class_list":["post-7014","post","type-post","status-publish","format-standard","hentry","category-informativo"],"acf":[],"_links":{"self":[{"href":"https:\/\/litoral.ufpr.br\/educacaofisica\/wp-json\/wp\/v2\/posts\/7014","targetHints":{"allow":["GET"]}}],"collection":[{"href":"https:\/\/litoral.ufpr.br\/educacaofisica\/wp-json\/wp\/v2\/posts"}],"about":[{"href":"https:\/\/litoral.ufpr.br\/educacaofisica\/wp-json\/wp\/v2\/types\/post"}],"author":[{"embeddable":true,"href":"https:\/\/litoral.ufpr.br\/educacaofisica\/wp-json\/wp\/v2\/users\/11"}],"replies":[{"embeddable":true,"href":"https:\/\/litoral.ufpr.br\/educacaofisica\/wp-json\/wp\/v2\/comments?post=7014"}],"version-history":[{"count":5,"href":"https:\/\/litoral.ufpr.br\/educacaofisica\/wp-json\/wp\/v2\/posts\/7014\/revisions"}],"predecessor-version":[{"id":7020,"href":"https:\/\/litoral.ufpr.br\/educacaofisica\/wp-json\/wp\/v2\/posts\/7014\/revisions\/7020"}],"wp:attachment":[{"href":"https:\/\/litoral.ufpr.br\/educacaofisica\/wp-json\/wp\/v2\/media?parent=7014"}],"wp:term":[{"taxonomy":"category","embeddable":true,"href":"https:\/\/litoral.ufpr.br\/educacaofisica\/wp-json\/wp\/v2\/categories?post=7014"},{"taxonomy":"post_tag","embeddable":true,"href":"https:\/\/litoral.ufpr.br\/educacaofisica\/wp-json\/wp\/v2\/tags?post=7014"}],"curies":[{"name":"wp","href":"https:\/\/api.w.org\/{rel}","templated":true}]}}