{"id":6847,"date":"2021-06-16T11:10:20","date_gmt":"2021-06-16T14:10:20","guid":{"rendered":"https:\/\/litoral.ufpr.br\/educacaofisica\/?p=6847"},"modified":"2021-06-16T11:10:20","modified_gmt":"2021-06-16T14:10:20","slug":"projeto-de-extensao-divulgacao-cientifica-na-ef-seleciona-bolsista-e-voluntarios","status":"publish","type":"post","link":"https:\/\/litoral.ufpr.br\/educacaofisica\/2021\/06\/16\/projeto-de-extensao-divulgacao-cientifica-na-ef-seleciona-bolsista-e-voluntarios\/","title":{"rendered":"Projeto de Extens\u00e3o Divulga\u00e7\u00e3o Cient\u00edfica na EF seleciona bolsista e volunt\u00e1rios"},"content":{"rendered":"\n<p>Com o objetivo de promover a divulga\u00e7\u00e3o de conhecimentos cient\u00edficos por meio da produ\u00e7\u00e3o de conte\u00fado audiovisual, este <strong>Projeto de Extens\u00e3o<\/strong>, coordenado pelo <strong>Prof. Dr. Le\u00f4ncio Reis<\/strong>, abre inscri\u00e7\u00f5es para sele\u00e7\u00e3o de bolsista e volunt\u00e1rios at\u00e9 2a feira, dia 21\/6.<\/p>\n\n\n\n<p><strong>Corram l\u00e1!<\/strong><\/p>\n\n\n\n<figure class=\"wp-block-image size-large\"><img loading=\"lazy\" decoding=\"async\" width=\"690\" height=\"224\" src=\"https:\/\/litoral.ufpr.br\/educacaofisica\/wp-content\/uploads\/sites\/4\/2021\/06\/ciencia-do-esporte.jpg\" alt=\"\" class=\"wp-image-6848\" srcset=\"https:\/\/litoral.ufpr.br\/educacaofisica\/wp-content\/uploads\/sites\/4\/2021\/06\/ciencia-do-esporte.jpg 690w, https:\/\/litoral.ufpr.br\/educacaofisica\/wp-content\/uploads\/sites\/4\/2021\/06\/ciencia-do-esporte-300x97.jpg 300w\" sizes=\"auto, (max-width: 690px) 100vw, 690px\" \/><\/figure>\n\n\n\n<p><strong>Mais informa\u00e7\u00f5es, clique no cartaz abaixo:<\/strong><\/p>\n\n\n\n<p><a rel=\"noreferrer noopener\" href=\"https:\/\/litoral.ufpr.br\/educacaofisica\/wp-content\/uploads\/sites\/4\/2021\/06\/Selecao-Bolsistas-e-Voluntarios-Divulgacao-Cientifica-EF.pdf\" target=\"_blank\">https:\/\/litoral.ufpr.br\/educacaofisica\/wp-content\/uploads\/sites\/4\/2021\/06\/Selecao-Bolsistas-e-Voluntarios-Divulgacao-Cientifica-EF.pdf<\/a><\/p>\n\n\n\n<p><\/p>\n","protected":false},"excerpt":{"rendered":"<p>Com o objetivo de promover a divulga\u00e7\u00e3o de conhecimentos cient\u00edficos por meio da produ\u00e7\u00e3o de conte\u00fado audiovisual, este Projeto de Extens\u00e3o, coordenado pelo Prof. Dr. Le\u00f4ncio Reis, abre inscri\u00e7\u00f5es para sele\u00e7\u00e3o de bolsista e volunt\u00e1rios at\u00e9 2a feira, dia 21\/6. Corram l\u00e1! Mais informa\u00e7\u00f5es, clique no cartaz abaixo: https:\/\/litoral.ufpr.br\/educacaofisica\/wp-content\/uploads\/sites\/4\/2021\/06\/Selecao-Bolsistas-e-Voluntarios-Divulgacao-Cientifica-EF.pdf<\/p>\n","protected":false},"author":11,"featured_media":0,"comment_status":"open","ping_status":"open","sticky":false,"template":"","format":"standard","meta":{"_acf_changed":false,"footnotes":""},"categories":[6],"tags":[],"class_list":["post-6847","post","type-post","status-publish","format-standard","hentry","category-informativo"],"acf":[],"_links":{"self":[{"href":"https:\/\/litoral.ufpr.br\/educacaofisica\/wp-json\/wp\/v2\/posts\/6847","targetHints":{"allow":["GET"]}}],"collection":[{"href":"https:\/\/litoral.ufpr.br\/educacaofisica\/wp-json\/wp\/v2\/posts"}],"about":[{"href":"https:\/\/litoral.ufpr.br\/educacaofisica\/wp-json\/wp\/v2\/types\/post"}],"author":[{"embeddable":true,"href":"https:\/\/litoral.ufpr.br\/educacaofisica\/wp-json\/wp\/v2\/users\/11"}],"replies":[{"embeddable":true,"href":"https:\/\/litoral.ufpr.br\/educacaofisica\/wp-json\/wp\/v2\/comments?post=6847"}],"version-history":[{"count":2,"href":"https:\/\/litoral.ufpr.br\/educacaofisica\/wp-json\/wp\/v2\/posts\/6847\/revisions"}],"predecessor-version":[{"id":6851,"href":"https:\/\/litoral.ufpr.br\/educacaofisica\/wp-json\/wp\/v2\/posts\/6847\/revisions\/6851"}],"wp:attachment":[{"href":"https:\/\/litoral.ufpr.br\/educacaofisica\/wp-json\/wp\/v2\/media?parent=6847"}],"wp:term":[{"taxonomy":"category","embeddable":true,"href":"https:\/\/litoral.ufpr.br\/educacaofisica\/wp-json\/wp\/v2\/categories?post=6847"},{"taxonomy":"post_tag","embeddable":true,"href":"https:\/\/litoral.ufpr.br\/educacaofisica\/wp-json\/wp\/v2\/tags?post=6847"}],"curies":[{"name":"wp","href":"https:\/\/api.w.org\/{rel}","templated":true}]}}