{"id":6723,"date":"2020-11-10T17:14:29","date_gmt":"2020-11-10T20:14:29","guid":{"rendered":"https:\/\/litoral.ufpr.br\/educacaofisica\/?p=6723"},"modified":"2020-11-10T17:15:52","modified_gmt":"2020-11-10T20:15:52","slug":"narrativas-biograficas-no-contexto-da-formacao-e-o-tema-da-live-de-hoje","status":"publish","type":"post","link":"https:\/\/litoral.ufpr.br\/educacaofisica\/2020\/11\/10\/narrativas-biograficas-no-contexto-da-formacao-e-o-tema-da-live-de-hoje\/","title":{"rendered":"Narrativas Biogr\u00e1ficas no contexto da forma\u00e7\u00e3o \u00e9 o tema da live de hoje"},"content":{"rendered":"\n<p>Hoje, dia 10\/11, \u00e0s 20h, nos <strong><em>Ciclos de Estudos em Educa\u00e7\u00e3o F\u00edsica: Ci\u00eancia, Educa\u00e7\u00e3o e Sociedade<\/em><\/strong>, teremos o prazer de receber a <strong>Profa. Dra. Maria Helena Menna Barreto Abrah\u00e3o<\/strong> <strong>(UFPel)<\/strong>, que vai abordar a tem\u00e1tica: <strong>(Auto) Biografias e Trajet\u00f3rias de Forma\u00e7\u00e3o: conversando sobre o m\u00e9todo (auto)biogr\u00e1fico<\/strong>.<\/p>\n\n\n\n<figure class=\"wp-block-image size-large is-resized\"><img loading=\"lazy\" decoding=\"async\" src=\"https:\/\/litoral.ufpr.br\/educacaofisica\/wp-content\/uploads\/sites\/4\/2020\/11\/WhatsApp-Image-2020-11-10-at-08.39.02-1024x1024.jpeg\" alt=\"\" class=\"wp-image-6724\" width=\"539\" height=\"539\" srcset=\"https:\/\/litoral.ufpr.br\/educacaofisica\/wp-content\/uploads\/sites\/4\/2020\/11\/WhatsApp-Image-2020-11-10-at-08.39.02-1024x1024.jpeg 1024w, https:\/\/litoral.ufpr.br\/educacaofisica\/wp-content\/uploads\/sites\/4\/2020\/11\/WhatsApp-Image-2020-11-10-at-08.39.02-300x300.jpeg 300w, https:\/\/litoral.ufpr.br\/educacaofisica\/wp-content\/uploads\/sites\/4\/2020\/11\/WhatsApp-Image-2020-11-10-at-08.39.02-150x150.jpeg 150w, https:\/\/litoral.ufpr.br\/educacaofisica\/wp-content\/uploads\/sites\/4\/2020\/11\/WhatsApp-Image-2020-11-10-at-08.39.02-768x768.jpeg 768w, https:\/\/litoral.ufpr.br\/educacaofisica\/wp-content\/uploads\/sites\/4\/2020\/11\/WhatsApp-Image-2020-11-10-at-08.39.02.jpeg 1280w\" sizes=\"auto, (max-width: 539px) 100vw, 539px\" \/><\/figure>\n\n\n\n<p>A media\u00e7\u00e3o ser\u00e1 feira pelo <strong>Prof. Dr. Marcelo Silva<\/strong>. N\u00e3o perca!<\/p>\n\n\n\n<p>Acesse o link<\/p>\n\n\n\n<p><a href=\"https:\/\/www.youtube.com\/watch?v=n5lo2vnLHN8&amp;feature=youtu.be\">https:\/\/www.youtube.com\/watch?v=n5lo2vnLHN8&amp;feature=youtu.be<\/a><\/p>\n","protected":false},"excerpt":{"rendered":"<p>Hoje, dia 10\/11, \u00e0s 20h, nos Ciclos de Estudos em Educa\u00e7\u00e3o F\u00edsica: Ci\u00eancia, Educa\u00e7\u00e3o e Sociedade, teremos o prazer de receber a Profa. Dra. Maria Helena Menna Barreto Abrah\u00e3o (UFPel), que vai abordar a tem\u00e1tica: (Auto) Biografias e Trajet\u00f3rias de Forma\u00e7\u00e3o: conversando sobre o m\u00e9todo (auto)biogr\u00e1fico. A media\u00e7\u00e3o ser\u00e1 feira pelo Prof. Dr. Marcelo Silva. [&hellip;]<\/p>\n","protected":false},"author":11,"featured_media":0,"comment_status":"open","ping_status":"open","sticky":false,"template":"","format":"standard","meta":{"_acf_changed":false,"footnotes":""},"categories":[6],"tags":[],"class_list":["post-6723","post","type-post","status-publish","format-standard","hentry","category-informativo"],"acf":[],"_links":{"self":[{"href":"https:\/\/litoral.ufpr.br\/educacaofisica\/wp-json\/wp\/v2\/posts\/6723","targetHints":{"allow":["GET"]}}],"collection":[{"href":"https:\/\/litoral.ufpr.br\/educacaofisica\/wp-json\/wp\/v2\/posts"}],"about":[{"href":"https:\/\/litoral.ufpr.br\/educacaofisica\/wp-json\/wp\/v2\/types\/post"}],"author":[{"embeddable":true,"href":"https:\/\/litoral.ufpr.br\/educacaofisica\/wp-json\/wp\/v2\/users\/11"}],"replies":[{"embeddable":true,"href":"https:\/\/litoral.ufpr.br\/educacaofisica\/wp-json\/wp\/v2\/comments?post=6723"}],"version-history":[{"count":2,"href":"https:\/\/litoral.ufpr.br\/educacaofisica\/wp-json\/wp\/v2\/posts\/6723\/revisions"}],"predecessor-version":[{"id":6726,"href":"https:\/\/litoral.ufpr.br\/educacaofisica\/wp-json\/wp\/v2\/posts\/6723\/revisions\/6726"}],"wp:attachment":[{"href":"https:\/\/litoral.ufpr.br\/educacaofisica\/wp-json\/wp\/v2\/media?parent=6723"}],"wp:term":[{"taxonomy":"category","embeddable":true,"href":"https:\/\/litoral.ufpr.br\/educacaofisica\/wp-json\/wp\/v2\/categories?post=6723"},{"taxonomy":"post_tag","embeddable":true,"href":"https:\/\/litoral.ufpr.br\/educacaofisica\/wp-json\/wp\/v2\/tags?post=6723"}],"curies":[{"name":"wp","href":"https:\/\/api.w.org\/{rel}","templated":true}]}}