{"id":6554,"date":"2020-08-16T15:54:25","date_gmt":"2020-08-16T18:54:25","guid":{"rendered":"https:\/\/litoral.ufpr.br\/educacaofisica\/?p=6554"},"modified":"2020-08-16T15:54:25","modified_gmt":"2020-08-16T18:54:25","slug":"neurodesenvolvimento-e-isolamento-social-na-1a-infancia-e-o-tema-da-proxima-live","status":"publish","type":"post","link":"https:\/\/litoral.ufpr.br\/educacaofisica\/2020\/08\/16\/neurodesenvolvimento-e-isolamento-social-na-1a-infancia-e-o-tema-da-proxima-live\/","title":{"rendered":"Neurodesenvolvimento e Isolamento Social na 1a Inf\u00e2ncia \u00e9 o tema da pr\u00f3xima live"},"content":{"rendered":"\n<p>Nesta 3a feira, dia 18\/8, \u00e0s 20h, n\u00e3o perca a nossa pr\u00f3xima live, que faz parte dos <em>Ciclos de Estudos em Educa\u00e7\u00e3o F\u00edsica: Ci\u00eancia, Educa\u00e7\u00e3o e Sociedade<\/em>, com a <strong>Profa. Dra. Luciana Weinert<\/strong> que vai abordar o tema: <strong>Neurodesenvolvimento e Isolamento Social na Primeira Inf\u00e2ncia<\/strong>.<\/p>\n\n\n\n<figure class=\"wp-block-image size-large\"><img loading=\"lazy\" decoding=\"async\" width=\"1024\" height=\"1024\" src=\"https:\/\/litoral.ufpr.br\/educacaofisica\/wp-content\/uploads\/sites\/4\/2020\/08\/WhatsApp-Image-2020-08-14-at-16.11.24-1024x1024.jpeg\" alt=\"\" class=\"wp-image-6556\" srcset=\"https:\/\/litoral.ufpr.br\/educacaofisica\/wp-content\/uploads\/sites\/4\/2020\/08\/WhatsApp-Image-2020-08-14-at-16.11.24-1024x1024.jpeg 1024w, https:\/\/litoral.ufpr.br\/educacaofisica\/wp-content\/uploads\/sites\/4\/2020\/08\/WhatsApp-Image-2020-08-14-at-16.11.24-300x300.jpeg 300w, https:\/\/litoral.ufpr.br\/educacaofisica\/wp-content\/uploads\/sites\/4\/2020\/08\/WhatsApp-Image-2020-08-14-at-16.11.24-150x150.jpeg 150w, https:\/\/litoral.ufpr.br\/educacaofisica\/wp-content\/uploads\/sites\/4\/2020\/08\/WhatsApp-Image-2020-08-14-at-16.11.24-768x768.jpeg 768w, https:\/\/litoral.ufpr.br\/educacaofisica\/wp-content\/uploads\/sites\/4\/2020\/08\/WhatsApp-Image-2020-08-14-at-16.11.24.jpeg 1280w\" sizes=\"auto, (max-width: 1024px) 100vw, 1024px\" \/><\/figure>\n\n\n\n<p>Acesse o link<\/p>\n\n\n\n<p><a href=\"https:\/\/youtu.be\/Mi0yvdgli6A\">https:\/\/youtu.be\/Mi0yvdgli6A<\/a><\/p>\n","protected":false},"excerpt":{"rendered":"<p>Nesta 3a feira, dia 18\/8, \u00e0s 20h, n\u00e3o perca a nossa pr\u00f3xima live, que faz parte dos Ciclos de Estudos em Educa\u00e7\u00e3o F\u00edsica: Ci\u00eancia, Educa\u00e7\u00e3o e Sociedade, com a Profa. Dra. Luciana Weinert que vai abordar o tema: Neurodesenvolvimento e Isolamento Social na Primeira Inf\u00e2ncia. Acesse o link https:\/\/youtu.be\/Mi0yvdgli6A<\/p>\n","protected":false},"author":11,"featured_media":0,"comment_status":"open","ping_status":"open","sticky":false,"template":"","format":"standard","meta":{"_acf_changed":false,"footnotes":""},"categories":[6],"tags":[],"class_list":["post-6554","post","type-post","status-publish","format-standard","hentry","category-informativo"],"acf":[],"_links":{"self":[{"href":"https:\/\/litoral.ufpr.br\/educacaofisica\/wp-json\/wp\/v2\/posts\/6554","targetHints":{"allow":["GET"]}}],"collection":[{"href":"https:\/\/litoral.ufpr.br\/educacaofisica\/wp-json\/wp\/v2\/posts"}],"about":[{"href":"https:\/\/litoral.ufpr.br\/educacaofisica\/wp-json\/wp\/v2\/types\/post"}],"author":[{"embeddable":true,"href":"https:\/\/litoral.ufpr.br\/educacaofisica\/wp-json\/wp\/v2\/users\/11"}],"replies":[{"embeddable":true,"href":"https:\/\/litoral.ufpr.br\/educacaofisica\/wp-json\/wp\/v2\/comments?post=6554"}],"version-history":[{"count":2,"href":"https:\/\/litoral.ufpr.br\/educacaofisica\/wp-json\/wp\/v2\/posts\/6554\/revisions"}],"predecessor-version":[{"id":6558,"href":"https:\/\/litoral.ufpr.br\/educacaofisica\/wp-json\/wp\/v2\/posts\/6554\/revisions\/6558"}],"wp:attachment":[{"href":"https:\/\/litoral.ufpr.br\/educacaofisica\/wp-json\/wp\/v2\/media?parent=6554"}],"wp:term":[{"taxonomy":"category","embeddable":true,"href":"https:\/\/litoral.ufpr.br\/educacaofisica\/wp-json\/wp\/v2\/categories?post=6554"},{"taxonomy":"post_tag","embeddable":true,"href":"https:\/\/litoral.ufpr.br\/educacaofisica\/wp-json\/wp\/v2\/tags?post=6554"}],"curies":[{"name":"wp","href":"https:\/\/api.w.org\/{rel}","templated":true}]}}