{"id":6456,"date":"2020-07-03T22:09:00","date_gmt":"2020-07-04T01:09:00","guid":{"rendered":"https:\/\/litoral.ufpr.br\/educacaofisica\/?p=6456"},"modified":"2020-07-03T22:59:29","modified_gmt":"2020-07-04T01:59:29","slug":"matriculas-para-periodo-especial-comecam-amanha","status":"publish","type":"post","link":"https:\/\/litoral.ufpr.br\/educacaofisica\/2020\/07\/03\/matriculas-para-periodo-especial-comecam-amanha\/","title":{"rendered":"Matr\u00edculas para per\u00edodo especial come\u00e7am amanh\u00e3"},"content":{"rendered":"\n<p>O curso de&nbsp;<strong>Licenciatura em Educa\u00e7\u00e3o F\u00edsica<\/strong>&nbsp;do Setor Litoral vai ofertar m\u00f3dulos para o 1\u00b0ciclo do per\u00edodo especial. As matr\u00edculas come\u00e7am neste s\u00e1bado, ao meio-dia,&nbsp;e seguem at\u00e9&nbsp;17h de&nbsp;quarta-feira, dia 8\/7,&nbsp;conforme a&nbsp;<a href=\"http:\/\/www.soc.ufpr.br\/wp-content\/uploads\/2020\/06\/Resolu%C3%A7%C3%A3o-N%C2%BA-59-2020-CEPE.pdf\">Resolu\u00e7\u00e3o 59\/20-CEPE<\/a>, que&nbsp;prev\u00ea&nbsp;o desenvolvimento de atividades de ensino nos cursos de educa\u00e7\u00e3o superior, profissional e tecnol\u00f3gica da UFPR, no contexto das medidas de enfrentamento da pandemia de&nbsp;covid-19. <\/p>\n\n\n\n<p>O procedimento dever\u00e1 ser feito via&nbsp;<a href=\"https:\/\/www.prppg.ufpr.br\/siga\/\">SIGA<\/a><a href=\"https:\/\/portaldoaluno.ufpr.br\/aluno\/login.action?error=\">.<\/a>&nbsp;O tema foi amplamente debatido desde a suspens\u00e3o do calend\u00e1rio acad\u00eamico,&nbsp;em mar\u00e7o,&nbsp;e a vig\u00eancia do per\u00edodo n\u00e3o implica em riscos \u00e0&nbsp;sa\u00fade&nbsp;de nenhum membro da&nbsp;comunidade universit\u00e1ria.&nbsp;<\/p>\n\n\n\n<p>No&nbsp;per\u00edodo especial na modalidade de&nbsp;ensino remoto emergencial&nbsp;(ERE), os acad\u00eamicos poder\u00e3o&nbsp;cursar&nbsp;disciplinas previamente aprovadas pelo colegiado do curso, mas a&nbsp;matr\u00edcula nessas disciplinas&nbsp;n\u00e3o \u00e9 obrigat\u00f3ria.&nbsp;Matr\u00edculas efetuadas em 2020\/1, durante o per\u00edodo regular, est\u00e3o preservadas, independentemente das ofertas dos departamentos ou das escolhas dos estudantes durante o per\u00edodo especial.<\/p>\n\n\n\n<p>Este ser\u00e1 o primeiro ciclo do&nbsp;per\u00edodo especial&nbsp;<strong>(veja os prazos dos outros dois no gr\u00e1fico)<\/strong>, com&nbsp;o&nbsp;in\u00edcio das atividades did\u00e1ticas previsto para ocorrer entre os dias 13 a 24 de julho.&nbsp;Os estudantes&nbsp;que quiserem acessar o ERE poder\u00e3o&nbsp;se matricular num n\u00famero limitado de disciplinas&nbsp;obrigat\u00f3rias, determinados&nbsp;pelas suas cargas hor\u00e1rias, e num n\u00famero ilimitado de disciplinas optativas, mas \u00e9 preciso tamb\u00e9m observar a carga hor\u00e1ria m\u00e1xima semestral para a matr\u00edcula determinada para cada curso.&nbsp;Este limite \u00e9 de, no m\u00e1ximo, 180h para os cursos de 15 semanas, 216h para os cursos de 18 semanas, 240h para os cursos de 20 semanas e 360h para os cursos anuais e para Medicina do Campus Toledo.<\/p>\n\n\n\n<figure class=\"wp-block-image size-large is-resized\"><img loading=\"lazy\" decoding=\"async\" src=\"https:\/\/litoral.ufpr.br\/educacaofisica\/wp-content\/uploads\/sites\/4\/2020\/07\/Ensino-Remoto-Emergencial_Prancheta-1-1024x576.png\" alt=\"\" class=\"wp-image-6457\" width=\"548\" height=\"308\" srcset=\"https:\/\/litoral.ufpr.br\/educacaofisica\/wp-content\/uploads\/sites\/4\/2020\/07\/Ensino-Remoto-Emergencial_Prancheta-1-1024x576.png 1024w, https:\/\/litoral.ufpr.br\/educacaofisica\/wp-content\/uploads\/sites\/4\/2020\/07\/Ensino-Remoto-Emergencial_Prancheta-1-300x169.png 300w, https:\/\/litoral.ufpr.br\/educacaofisica\/wp-content\/uploads\/sites\/4\/2020\/07\/Ensino-Remoto-Emergencial_Prancheta-1-768x432.png 768w, https:\/\/litoral.ufpr.br\/educacaofisica\/wp-content\/uploads\/sites\/4\/2020\/07\/Ensino-Remoto-Emergencial_Prancheta-1-1536x864.png 1536w, https:\/\/litoral.ufpr.br\/educacaofisica\/wp-content\/uploads\/sites\/4\/2020\/07\/Ensino-Remoto-Emergencial_Prancheta-1-2048x1152.png 2048w\" sizes=\"auto, (max-width: 548px) 100vw, 548px\" \/><\/figure>\n\n\n\n<p>A matricula para o ciclo 1 inicia amanh\u00e3 04\/07, para isto recomendamos que fa\u00e7a ainda HOJE a sua inscri\u00e7\u00e3o no SIGA:<br>Para acessar o SIGA entre em www.prppg.ufpr.br\/siga\/<br>Login = n\u00famero do CPF (sem pontos e sem tra\u00e7o)<br>Senha = clique na op\u00e7\u00e3o \u201cEsqueceu\/N\u00e3o sabe seu Login ou a Senha?\u201d<\/p>\n\n\n\n<p>Na p\u00e1gina Recuperar Senha, preencha os dados:<br>Documento = n\u00famero do CPF (sem pontos e sem tra\u00e7o)<br>E-mail = coloque o e-mail que voc\u00ea tem cadastrado na universidade (normalmente \u00e9 o e-mail que voc\u00ea colocou quando fez a sua matr\u00edcula)<br>Depois clique em \u201cRecuperar Senha\u201d<br>Verifique no seu e-mail e siga os passos indicados.<\/p>\n\n\n\n<p><strong>OFERTA DE TURMAS EM PER\u00cdODO ESPECIAL<\/strong><\/p>\n\n\n\n<p>Como muitos j\u00e1 sabem, no dia 19 de Junho foi aprovada a Resolu\u00e7\u00e3o 59\/2020-CEPE\/UFPR, que regulamenta, em car\u00e1ter excepcional, per\u00edodo especial para odesenvolvimento de atividades de ensino nos cursos de educa\u00e7\u00e3o superior da UFPR no contexto das medidas de enfrentamento da pandemia de COVID-19 no pa\u00eds. Essa Resolu\u00e7\u00e3o j\u00e1 estava sendo aguardada pelo curso de Administra\u00e7\u00e3o P\u00fablica, que desde o dia 11 de maio vem fazendo encontros semanais com professores e estudantes, avaliando o interesse e a disponibilidade para a amplia\u00e7\u00e3o do desenvolvimento das atividades de ensino para al\u00e9m das previstas na Resolu\u00e7\u00e3o 44\/2020-CEPE-UFPR (aquelas que envolvem os m\u00f3dulos em EAD, a continuidade dos TCCs e dos Est\u00e1gios).<\/p>\n\n\n\n<p><strong>O QUE \u00c9 ESSE PER\u00cdODO ESPECIAL?<\/strong><\/p>\n\n\n\n<p>\u00c9 um per\u00edodo de tempo no qual m\u00f3dulos s\u00e3o ofertados de forma mais concentrada. No caso deste per\u00edodo especial, especificamente, ele est\u00e1 permitindo que m\u00f3dulos presenciais sejam trabalhados de forma remota, ou seja, de forma n\u00e3o presencial, considerando os impedimentos impostos pela pandemia.<\/p>\n\n\n\n<p><strong>SOU OBRIGADO A FAZER ESSES M\u00d3DULOS EM PER\u00cdODO ESPECIAL?<\/strong><\/p>\n\n\n\n<p>N\u00e3o. \u00c9 importante que fique claro que em seu art.29 a Resolu\u00e7\u00e3o 59\/2020 estabelece que:&nbsp;<strong>Art. 29<\/strong>. Fica estabelecido que a solicita\u00e7\u00e3o de matr\u00edculas nas disciplinas e unidades curriculares ofertadas no per\u00edodo especial \u00e9 de car\u00e1ter totalmente volunt\u00e1rio para o corpo discente da UFPR, reiterando o disposto no Art.28 de que o direito \u00e0 vida se sobrep\u00f5e a todos os demais, especialmente na situa\u00e7\u00e3o atual de pandemia de COVID-19. (UFPR, 2020,&nbsp;<em>grifo nosso<\/em>).<\/p>\n\n\n\n<p><strong>SE EU N\u00c3O FIZER, EU VOU PERDER O SEMESTRE OU O ANO?<\/strong><\/p>\n\n\n\n<p>O Par\u00e1grafo \u00fanico do art. 5\u00ba da Resolu\u00e7\u00e3o determina: \u00c0s\/Aos estudantes matriculados em disciplinas e unidades curriculares ofertadas no per\u00edodo regular do 1\u00ba semestre de 2020, ficam assegurados todos os direitos regularmente conferidos em per\u00edodo de normalidade do calend\u00e1rio acad\u00eamico, de tal modo que a recusa ou impedimento em efetuar matr\u00edcula no per\u00edodo especial n\u00e3o repercutir\u00e1 em nenhuma restri\u00e7\u00e3o ou priva\u00e7\u00e3o daqueles direitos ap\u00f3s o fim da suspens\u00e3o do calend\u00e1rio acad\u00eamico. (UFPR, 2020,&nbsp;<em>grifo nosso<\/em>).<\/p>\n\n\n\n<p>Ou seja: ap\u00f3s o fim da suspens\u00e3o do calend\u00e1rio acad\u00eamico um novo calend\u00e1rio ser\u00e1 aprovado e nele estar\u00e1 contemplado o cumprimento das atividades previstas&nbsp;<em>a priori&nbsp;<\/em>para 2020-1. Ajustes devem ser feitos na grade hor\u00e1ria, mas sem preju\u00edzo aos estudantes. O calend\u00e1rio novo deve prever f\u00e9rias mais curtas e outras solu\u00e7\u00f5es poss\u00edveis, que ainda precisam ser pensadas e discutidas na UFPR.<\/p>\n\n\n\n<p><strong>E SE EU FIZER O PER\u00cdODO ESPECIAL? DEPOIS VOU TER QUE FAZER NOVAMENTE OS M\u00d3DULOS PARA OS QUAIS ME MATRICULEI NO IN\u00cdCIO DE 2020-1?<\/strong><\/p>\n\n\n\n<p>N\u00e3o. Se voc\u00ea concluir com sucesso um m\u00f3dulo no per\u00edodo especial ent\u00e3o esse m\u00f3dulo ser\u00e1 lan\u00e7ado no seu hist\u00f3rico escolar. A Resolu\u00e7\u00e3o 59\/2020 prev\u00ea que seja garantido um tempo para ajustes e adequa\u00e7\u00f5es quando o calend\u00e1rio for retomado. \u00c9 o que consta no &nbsp;<strong>Art. 27<\/strong>.: Ap\u00f3s o fim da suspens\u00e3o do calend\u00e1rio acad\u00eamico, a proposi\u00e7\u00e3o de um novo calend\u00e1rio acad\u00eamico para o per\u00edodo regular do 1\u00ba semestre de 2020, dever\u00e1 prever, em fun\u00e7\u00e3o das aprova\u00e7\u00f5es em disciplinas e unidades curriculares ofertadas no per\u00edodo especial, prazo para:&nbsp;<em>II. estudantes solicitarem ajuste de suas matr\u00edculas relativamente ao per\u00edodo regular do 1\u00ba semestre letivo de 2020.&nbsp;<\/em>(UFPR, 2020, grifo nosso).<\/p>\n\n\n\n<p><strong>E SE EU ME MATRICULAR NO PER\u00cdODO ESPECIAL E N\u00c3O CONSEGUIR<\/strong><\/p>\n\n\n\n<p><strong>TERMINAR?<\/strong><\/p>\n\n\n\n<p>A Resolu\u00e7\u00e3o prev\u00ea a possibilidade de voc\u00ea solicitar o cancelamento da sua matr\u00edcula no m\u00f3dulo do per\u00edodo especial.<\/p>\n\n\n\n<p><strong>Art. 24<\/strong>. A\/O estudante poder\u00e1 solicitar \u00e0 coordena\u00e7\u00e3o do curso, a qualquer tempo e sem justificativa, o cancelamento da matr\u00edcula em disciplina ou unidade curricular ofertada no per\u00edodo especial, em raz\u00e3o das condi\u00e7\u00f5es de excepcionalidade que a atual situa\u00e7\u00e3o de pandemia de COVID-19 imp\u00f5e sobre a sa\u00fade e as condi\u00e7\u00f5es socioecon\u00f4micas das\/dos estudantes da UFPR. (UFPR, 2020,&nbsp;<em>grifo nosso<\/em>).<\/p>\n\n\n\n<p><strong>MAS E SE EU ME MATRICULAR E N\u00c3O SOLICITAR O CANCELAMENTO?<\/strong><\/p>\n\n\n\n<p>Neste caso, voc\u00ea ser\u00e1 reprovado no m\u00f3dulo do per\u00edodo especial. O seu direito de realizar o m\u00f3dulo depois, com o novo calend\u00e1rio, continua garantido, mas \u00e9 importante que voc\u00ea procure fazer o cancelamento para que a coordena\u00e7\u00e3o do curso possa acompanhar o andamento das coisas durante o per\u00edodo especial.<\/p>\n\n\n\n<p><strong>O QUE VAI ACONTECER SE AS AULAS PRESENCIAIS (PER\u00cdODO REGULAR) VOLTAREM ANTES DO PER\u00cdODO ESPECIAL TERMINAR?<\/strong><\/p>\n\n\n\n<p>Veja o que diz a Resolu\u00e7\u00e3o:<\/p>\n\n\n\n<p><strong>Art. 27<\/strong>.&nbsp;<em>\u00a71\u00ba<\/em>&nbsp;Na hip\u00f3tese do fim da suspens\u00e3o do calend\u00e1rio acad\u00eamico em data anterior ao fim do per\u00edodo especial de que trata a presente resolu\u00e7\u00e3o e ocorrendo eventual sobreposi\u00e7\u00e3o de disciplina ou unidade curricular do per\u00edodo especial e de disciplina ou unidade curricular do per\u00edodo regular, prevalecem, para docentes e discentes, os hor\u00e1rios estabelecidos para as disciplinas e unidades curriculares do per\u00edodo regular, devendo haver ajuste nos hor\u00e1rios das atividades remotas s\u00edncronas das disciplinas e unidades curriculares do per\u00edodo especial. (UFPR, 2020,&nbsp;<em>grifo nosso<\/em>).<\/p>\n\n\n\n<p>Ou seja: se acontecer de as aulas retornarem antes de terminar o per\u00edodo especial, teremos que fazer ajustes. Os m\u00f3dulos do per\u00edodo especial ter\u00e3o que ficar em outro hor\u00e1rio, diferente do hor\u00e1rio das aulas presenciais. Mas s\u00f3 saberemos \u201cse\u201d e \u201cquando\u201d isso acontecer. O compromisso do curso, agora, \u00e9 fazer o per\u00edodo especial dar certo.<\/p>\n\n\n\n<p><strong>COMO V\u00c3O SER AS AULAS NO PER\u00cdODO ESPECIAL?<\/strong><\/p>\n\n\n\n<p>As aulas ser\u00e3o todas atrav\u00e9s da Plataforma UFPR Virtual. Essa Plataforma \u00e9 o novo Moodle da UFPR. \u00c9 mais moderna e tem mais ferramentas como, por exemplo, a&nbsp;<em>e<\/em>-aula.<\/p>\n\n\n\n<p>Os professores podem fazer aulas&nbsp;<em>on-line<\/em>&nbsp;e gravar para depois deixar o link dispon\u00edvel para quem n\u00e3o conseguiu acompanhar ao vivo. Al\u00e9m disso, a UFPR Virtual tem a op\u00e7\u00e3o de postagem de textos, v\u00eddeos, tarefas etc. Para acessar a UFPR Virtual entre em: ufprvirtual.ufpr.br<\/p>\n\n\n\n<p>Login = n\u00famero do CPF (sem ponto e sem tra\u00e7o)<\/p>\n\n\n\n<p>Senha (no primeiro acesso) = Data de nascimento (sem barras)<\/p>\n\n\n\n<p>Os professores est\u00e3o cientes que a qualidade da conex\u00e3o \u00e0 internet de muitos estudantes \u00e9 ruim, ent\u00e3o a ideia \u00e9 que os materiais fiquem dispon\u00edveis. Em alguns m\u00f3dulos haver\u00e1 aulas&nbsp;<em>on-line<\/em>&nbsp;(chamadas&nbsp;<em>s\u00edncronas)<\/em>, mas ser\u00e1 poss\u00edvel assisti-las depois. Em outros haver\u00e1 a previs\u00e3o de encontros&nbsp;<em>on-line<\/em>&nbsp;para tirar d\u00favidas. Em outros todas as atividades ser\u00e3o&nbsp;<em>ass\u00edncronas<\/em>, ou seja, sem a necessidade de estar&nbsp;<em>on-line<\/em>&nbsp;em um dia e hor\u00e1rio determinado. Alguns m\u00f3dulos poder\u00e3o avalia\u00e7\u00e3o de forma s\u00edncrona. Ou seja: \u00e9 preciso estar conectado na data e hor\u00e1rio certos para realizar a avalia\u00e7\u00e3o.<\/p>\n\n\n\n<p><strong>ESTE PER\u00cdODO SE DIVIDIR\u00c1 EM 3 CICLOS, CONFORME CRONOGRAMA:<\/strong><\/p>\n\n\n\n<p><strong>Aten\u00e7\u00e3o: al\u00e9m das atividades s\u00edncronas, que s\u00e3o aquelas ao vivo, os m\u00f3dulos t\u00eam<\/strong>&nbsp;<strong>atividades remotas, que podem ser feitas em datas e hor\u00e1rios flex\u00edveis dentro de cada semana)<\/strong><\/p>\n\n\n\n<p><strong>QUANDO SER\u00c1 A MATR\u00cdCULA?<\/strong><\/p>\n\n\n\n<p>No\nper\u00edodo de 4 a 8 de Julho de 2020.<\/p>\n\n\n\n<p><strong>COMO FA\u00c7O PARA ME\nMATRICULAR NO PER\u00cdODO ESPECIAL?<\/strong><\/p>\n\n\n\n<p><em>PRIMEIRO PASSO<\/em>: Acessar o SIGA e criar sua\nsenha<\/p>\n\n\n\n<p>Para\nacessar o SIGA entre em www.prppg.ufpr.br\/siga\/<\/p>\n\n\n\n<p>Login\n= n\u00famero do CPF (sem pontos e sem tra\u00e7o)<\/p>\n\n\n\n<p>Senha\n= clique na op\u00e7\u00e3o \u201cEsqueceu\/N\u00e3o sabe seu Login ou a Senha?\u201d<\/p>\n\n\n\n<p>Na\np\u00e1gina Recuperar Senha, preencha os dados:<\/p>\n\n\n\n<p>Documento\n= n\u00famero do CPF (sem pontos e sem tra\u00e7o)<\/p>\n\n\n\n<p>E-mail\n= coloque o seu e-mail<\/p>\n\n\n\n<p>Depois\nclique em \u201cRecuperar Senha\u201d<\/p>\n\n\n\n<p>Verifique\nno seu e-mail.<\/p>\n\n\n\n<p>Se\nprecisar, aqui tem um v\u00eddeo curto sobre como acessar o SIGA:<\/p>\n\n\n\n<figure class=\"wp-block-embed-youtube wp-block-embed is-type-video is-provider-youtube wp-embed-aspect-16-9 wp-has-aspect-ratio\"><div class=\"wp-block-embed__wrapper\">\n<iframe loading=\"lazy\" title=\"Como acessar o Siga\" width=\"500\" height=\"281\" src=\"https:\/\/www.youtube.com\/embed\/2B4IsrSgaKA?feature=oembed\" frameborder=\"0\" allow=\"accelerometer; autoplay; clipboard-write; encrypted-media; gyroscope; picture-in-picture; web-share\" referrerpolicy=\"strict-origin-when-cross-origin\" allowfullscreen><\/iframe>\n<\/div><\/figure>\n\n\n\n<p><em>SEGUNDO PASSO<\/em>: Fazer a matr\u00edcula no SIGA<\/p>\n\n\n\n<p>Entre\nem www.prppg.ufpr.br\/siga\/<\/p>\n\n\n\n<p>Digite\nLogin e senha<\/p>\n\n\n\n<p>Clique\nem \u201cDisciplinas\u201d (no menu lateral)<\/p>\n\n\n\n<p>No\nmenu que se abre clique em \u201cSolicita\u00e7\u00e3o matr\u00edculas\u201d<\/p>\n\n\n\n<p>Na\nprimeira coluna na tela aparecer\u00e3o os m\u00f3dulos dispon\u00edveis para matr\u00edcula \u2013<\/p>\n\n\n\n<p>clique\nem \u201cadicionar\u201d<\/p>\n\n\n\n<p>Na\nsegunda coluna na tela v\u00e3o aparecendo os m\u00f3dulos que voc\u00ea adicionar.<\/p>\n\n\n\n<p>Na\nparte inferior voc\u00ea deve verificar na sua grade hor\u00e1ria se n\u00e3o h\u00e1 conflito de<\/p>\n\n\n\n<p>hor\u00e1rios.\n(Como n\u00e3o ser\u00e1 poss\u00edvel fazer corre\u00e7\u00e3o de matr\u00edcula, ent\u00e3o \u00e9 muito importante<\/p>\n\n\n\n<p>que\ntudo esteja certo. Se houver conflito de hor\u00e1rio o sistema vai te matricular em\napenas<\/p>\n\n\n\n<p>um\ndos m\u00f3dulos em conflito e voc\u00ea n\u00e3o vai poder alterar depois).<\/p>\n\n\n\n<p>Se\nestiver tudo certo, volte para a segunda coluna na tela e clique em \u201cSolicitar\nMatr\u00edcula\u201d e depois em \u201cOK\u201d.<\/p>\n\n\n\n<p>Aqui\ntem um v\u00eddeo curto explicando como fazer a matr\u00edcula pelo SIGA:<\/p>\n\n\n\n<figure class=\"wp-block-embed-youtube wp-block-embed is-type-video is-provider-youtube wp-embed-aspect-16-9 wp-has-aspect-ratio\"><div class=\"wp-block-embed__wrapper\">\n<iframe loading=\"lazy\" title=\"Como solicitar matr\u00edcula pelo Siga\" width=\"500\" height=\"281\" src=\"https:\/\/www.youtube.com\/embed\/I0A9_WlXzms?feature=oembed\" frameborder=\"0\" allow=\"accelerometer; autoplay; clipboard-write; encrypted-media; gyroscope; picture-in-picture; web-share\" referrerpolicy=\"strict-origin-when-cross-origin\" allowfullscreen><\/iframe>\n<\/div><\/figure>\n\n\n\n<p><strong>J\u00c1 ESTOU MATRICULADO. E\nAGORA?<\/strong><\/p>\n\n\n\n<p>Ap\u00f3s\na sua matr\u00edcula, envie um e-mail para o professor do m\u00f3dulo informando que voc\u00ea\nse matriculou. \u00c9 a partir disso que o professor vai te inscrever na UFPR\nVirtual, a&nbsp; plataforma que ser\u00e1 usada\npara as aulas. Veja como entrar na UFPR Virtual no t\u00f3pico<\/p>\n\n\n\n<p><strong>\u201cCOMO V\u00c3O SER AS AULAS NO PER\u00cdODO ESPECIAL?\u201d<\/strong>.<\/p>\n\n\n\n<p>Segue abaixo o quadro com o contato de cada professor.<\/p>\n\n\n\n<figure class=\"wp-block-table\"><table class=\"\"><tbody><tr><td>\n  <strong>M\u00d3DULO<\/strong>\n  <\/td><td>\n  <strong>C\u00d3DIGO<\/strong>\n  <\/td><td>\n  <strong>PROFESSOR<\/strong>\n  <\/td><td>\n  <strong>CONTATO<\/strong>\n  <\/td><\/tr><tr><td>\n  <strong>1\u00ba ciclo<\/strong> \u2013 Matr\u00edculas de 04 a 08\/07;&nbsp;&nbsp;&nbsp;&nbsp;&nbsp; In\u00edcio de atividades: 13 a 24\/07\n  <\/td><\/tr><tr><td>   M\u00f3dulo Obrigat\u00f3rio   <strong>Projeto   de Aprendizagem<\/strong>**   <\/td><td>\n  SL60\n  <\/td><td>\n  Israel\n  Montesuma\n  <\/td><td>\n  <a href=\"mailto:israelmontesuma@hotmail.com\">israelmontesuma@hotmail.com<\/a>\n  &nbsp;\n  <\/td><\/tr><tr><td>   M\u00f3dulo Obrigat\u00f3rio   <strong>Projeto de Aprendizagem<\/strong>*   <\/td><td>\n  SL62\n  <\/td><td>   Palmira Sevegnani \/  Israel Montesuma   <\/td><td>   <a href=\"mailto:Palmira809@gmail.com\">palmira809@gmail.com<\/a>   <a href=\"mailto:israelmontesuma@hotmail.com\">israelmontesuma@hotmail.com<\/a>   <\/td><\/tr><tr><td>   M\u00f3dulo   Obrigat\u00f3rio   <strong>Educa\u00e7\u00e3o F\u00edsica Escolar&nbsp; e Meio   Ambiente<\/strong>*   <\/td><td>\n  SLEF58\n  <\/td><td>\n  Israel Montesuma\n  <\/td><td>\n  <a href=\"mailto:israelmontesuma@hotmail.com\">israelmontesuma@hotmail.com<\/a>\n  &nbsp;\n  <\/td><\/tr><tr><td>\n  <strong>2\u00ba ciclo<\/strong> \u2013 Matr\u00edculas de 18 a 22\/07;&nbsp;&nbsp;&nbsp;&nbsp;&nbsp; In\u00edcio de atividades: 27\/07 a 07\/08\n  <\/td><\/tr><tr><td>   M\u00f3dulo   Optativo   <strong>Dimens\u00f5es do Processo Ensino e   Aprendizagem da Educa\u00e7\u00e3o F\u00edsica II<\/strong>***   <\/td><td>\n  SLEF30\n  <\/td><td>\n  Carlos Augusto Euz\u00e9bio\n  <\/td><td>   <a href=\"mailto:Kabuki2051@gmail.com\">kabuki2051@gmail.com<\/a>   &nbsp;   <\/td><\/tr><tr><td>   M\u00f3dulo   Optativo   <strong>T\u00f3picos Avan\u00e7ados em Pr\u00e1ticas   Corporais<\/strong>***   <\/td><td>\n  SLEF64\n  <\/td><td>   Fabio Messa   <\/td><td>\n  <a href=\"mailto:fabiomessa@ufpr.br\">fabiomessa@ufpr.br<\/a>\n  \n  <\/td><\/tr><tr><td>\n  <strong>3\u00ba ciclo<\/strong> \u2013 Matr\u00edculas de 01 a 05\/08;&nbsp;&nbsp;&nbsp;&nbsp;&nbsp; In\u00edcio de atividades: 10 a 14\/08\n  <\/td><\/tr><tr><td>  M\u00f3dulo   Optativo   <strong>T\u00f3picos em Ensino Educa\u00e7\u00e3o F\u00edsica<\/strong>  ***&nbsp;<\/td><td>    SLEF42    <\/td><td>  Evaldo Ribeiro Junior   Luciana Castilho Weinert   <\/td><td>    <a href=\"mailto:evaldoribeirojr@gmail.com\">evaldoribeirojr@gmail.com<\/a>   <a href=\"mailto:lucianaweinert@gmail.com\">lucianaweinert@gmail.com<\/a>   &nbsp;    <\/td><td>   <\/td><td>&nbsp;<\/td><\/tr><\/tbody><\/table><\/figure>\n\n\n\n<p>Legenda:<\/p>\n\n\n\n<p>* Indicado para a turma EF2019<\/p>\n\n\n\n<p>**Indicado para a turma EF2020<\/p>\n\n\n\n<p> ***Indicado para todas as turmas do curso &nbsp;&nbsp;&nbsp;&nbsp;  <\/p>\n","protected":false},"excerpt":{"rendered":"<p>O curso de&nbsp;Licenciatura em Educa\u00e7\u00e3o F\u00edsica&nbsp;do Setor Litoral vai ofertar m\u00f3dulos para o 1\u00b0ciclo do per\u00edodo especial. As matr\u00edculas come\u00e7am neste s\u00e1bado, ao meio-dia,&nbsp;e seguem at\u00e9&nbsp;17h de&nbsp;quarta-feira, dia 8\/7,&nbsp;conforme a&nbsp;Resolu\u00e7\u00e3o 59\/20-CEPE, que&nbsp;prev\u00ea&nbsp;o desenvolvimento de atividades de ensino nos cursos de educa\u00e7\u00e3o superior, profissional e tecnol\u00f3gica da UFPR, no contexto das medidas de enfrentamento da pandemia [&hellip;]<\/p>\n","protected":false},"author":11,"featured_media":0,"comment_status":"open","ping_status":"open","sticky":false,"template":"","format":"standard","meta":{"_acf_changed":false,"footnotes":""},"categories":[6],"tags":[],"class_list":["post-6456","post","type-post","status-publish","format-standard","hentry","category-informativo"],"acf":[],"_links":{"self":[{"href":"https:\/\/litoral.ufpr.br\/educacaofisica\/wp-json\/wp\/v2\/posts\/6456","targetHints":{"allow":["GET"]}}],"collection":[{"href":"https:\/\/litoral.ufpr.br\/educacaofisica\/wp-json\/wp\/v2\/posts"}],"about":[{"href":"https:\/\/litoral.ufpr.br\/educacaofisica\/wp-json\/wp\/v2\/types\/post"}],"author":[{"embeddable":true,"href":"https:\/\/litoral.ufpr.br\/educacaofisica\/wp-json\/wp\/v2\/users\/11"}],"replies":[{"embeddable":true,"href":"https:\/\/litoral.ufpr.br\/educacaofisica\/wp-json\/wp\/v2\/comments?post=6456"}],"version-history":[{"count":12,"href":"https:\/\/litoral.ufpr.br\/educacaofisica\/wp-json\/wp\/v2\/posts\/6456\/revisions"}],"predecessor-version":[{"id":6470,"href":"https:\/\/litoral.ufpr.br\/educacaofisica\/wp-json\/wp\/v2\/posts\/6456\/revisions\/6470"}],"wp:attachment":[{"href":"https:\/\/litoral.ufpr.br\/educacaofisica\/wp-json\/wp\/v2\/media?parent=6456"}],"wp:term":[{"taxonomy":"category","embeddable":true,"href":"https:\/\/litoral.ufpr.br\/educacaofisica\/wp-json\/wp\/v2\/categories?post=6456"},{"taxonomy":"post_tag","embeddable":true,"href":"https:\/\/litoral.ufpr.br\/educacaofisica\/wp-json\/wp\/v2\/tags?post=6456"}],"curies":[{"name":"wp","href":"https:\/\/api.w.org\/{rel}","templated":true}]}}