{"id":1607,"date":"2020-07-15T15:35:00","date_gmt":"2020-07-15T18:35:00","guid":{"rendered":"https:\/\/litoral.ufpr.br\/direcao\/?p=1607"},"modified":"2020-09-23T13:38:02","modified_gmt":"2020-09-23T16:38:02","slug":"canais-para-atendimento-remoto-das-secoes-administrativas","status":"publish","type":"post","link":"https:\/\/litoral.ufpr.br\/direcao\/2020\/07\/15\/canais-para-atendimento-remoto-das-secoes-administrativas\/","title":{"rendered":"Canais para atendimento remoto das se\u00e7\u00f5es administrativas"},"content":{"rendered":"\n<p><strong>Informe\u00a0n\u00ba 38\/2020<\/strong><br><br>A\u00a0<strong>SAPS &#8211; Se\u00e7\u00e3o de Aten\u00e7\u00e3o e Promo\u00e7\u00e3o \u00e0 Sa\u00fade do Setor Litoral<\/strong>\u00a0-, est\u00e1 disponibilizando alguns canais de contato \u00e0 comunidade acad\u00eamica durante a dura\u00e7\u00e3o do per\u00edodo de isolamento social imposto pela pandemia do Covid-19. Ressaltamos que atualmente n\u00e3o contamos com m\u00e9dicos na equipe, que segue composta por profissionais\u00a0das \u00e1reas administrativa, da enfermagem e fisioterapia.Os canais para contato, via atendimento remoto, conforme o assunto de interesse, s\u00e3o os\u00a0seguintes:<\/p>\n\n\n\n<ul class=\"wp-block-list\"><li><strong>Orienta\u00e7\u00e3o aos t\u00e9cnicos e docentes sobre afastamento<\/strong>&nbsp;&#8211; Enio WhatsApp: (41) 9795-8885 Email:&nbsp;<a href=\"mailto:eniolima@ufpr.br\" target=\"_blank\" rel=\"noreferrer noopener\">eniolima@ufpr.br<\/a><\/li><li><strong>Orienta\u00e7\u00e3o quanto a preven\u00e7\u00e3o ao COVID-19<\/strong>&nbsp;&#8211; Jurema WhatsApp: (41) 99538-5000 Email:&nbsp;<a href=\"mailto:sapslitoral@ufpr.br\" target=\"_blank\" rel=\"noreferrer noopener\">sapslitoral@ufpr.br<\/a><\/li><li><strong>Duvida sobre quest\u00f5es de sa\u00fade\/doen\u00e7a, ou relacionados aos servi\u00e7os prestados pela SAPS<\/strong>&nbsp;&#8211;&nbsp;&nbsp;Jurema WhatsApp: (41) 99538-5000 Email:&nbsp;<a href=\"mailto:sapslitoral@ufpr.br\" target=\"_blank\" rel=\"noreferrer noopener\">sapslitoral@ufpr.br<\/a><\/li><li><strong>Orienta\u00e7\u00f5es e encaminhamentos aos demais profissionais<\/strong>&nbsp;&#8211;&nbsp;&nbsp;Jurema WhatsApp: (41) 99538-5000 Email:&nbsp;<a href=\"mailto:sapslitoral@ufpr.br\" target=\"_blank\" rel=\"noreferrer noopener\">sapslitoral@ufpr.br<\/a><\/li><li><strong>Fisioterapia &#8211; Pacientes avaliados de forma presencial, anteriormente a pandemia est\u00e3o sendo sendo atendidos remotamente por chamada de v\u00eddeo no WhatsApp. Todos os atendimentos tem sido telemonitorados semanalmente. Os atendimentos s\u00e3o agendados diretamente com a fisioterapeuta<\/strong>&nbsp; &#8211; Karin WhatsApp (41) 99905-8976 Email:&nbsp;<a href=\"mailto:karin.weissh@ufpr.br\" target=\"_blank\" rel=\"noreferrer noopener\">karin.weissh@ufpr.br<\/a><\/li><\/ul>\n\n\n\n<p>O\u00a0<strong>atendimento psicol\u00f3gico<\/strong>\u00a0aos estudantes da gradua\u00e7\u00e3o (prioritariamente) e p\u00f3s-gradua\u00e7\u00e3o regularmente matriculados em cursos ofertados no Setor Litoral (Matinhos\/PR)\u00a0est\u00e1 sendo oferecido de forma online &#8211; via whatsapp, Microsoft Teams, telefonema ou Skype &#8211; e na modalidade de acolhimento psicol\u00f3gico, tamb\u00e9m conhecido como plant\u00e3o psicol\u00f3gico:\u00a0<a rel=\"noreferrer noopener\" href=\"http:\/\/abre.ai\/psiufpr\" target=\"_blank\">http:\/\/abre.ai\/psiufpr<\/a> <br><br>O atendimentos nas\u00a0<strong>demais unidades<\/strong>\u00a0s\u00e3o feitos nos seguintes emails, conforme informado em 16 de mar\u00e7o no\u00a0Informe\u00a0n\u00ba 14\/2020:<\/p>\n\n\n\n<ul class=\"wp-block-list\"><li>Dire\u00e7\u00e3o&nbsp;Setorial &#8211;&nbsp;<a href=\"mailto:dir.ufprlitoral@ufpr.br\" target=\"_blank\" rel=\"noreferrer noopener\">dir.ufprlitoral@ufpr.br<\/a><\/li><li>Coordena\u00e7\u00e3o Acad\u00eamica &#8211;&nbsp;<a href=\"mailto:coord.academica.ufprlitoral@gmail.com\" target=\"_blank\" rel=\"noreferrer noopener\">coord.academica.ufprlitoral@gmail.com<\/a><\/li><li>Coordena\u00e7\u00e3o Administrativa &#8211;&nbsp;<a href=\"mailto:coordenaadm@gmail.com\" target=\"_blank\" rel=\"noreferrer noopener\">coordenaadm@gmail.com<\/a><\/li><li>C\u00e2maras Pedag\u00f3gicas &#8211;&nbsp;<a href=\"https:\/\/litoral.ufpr.br\/ufpr-litoral\/camaras-pedagogicas\/\" rel=\"noreferrer noopener\" target=\"_blank\">clique aqui<\/a><\/li><li>Gest\u00e3o Acad\u00eamica da Gradua\u00e7\u00e3o &#8211;&nbsp;<a href=\"mailto:sgp@ufpr.br\" target=\"_blank\" rel=\"noreferrer noopener\">sgp@ufpr.br<\/a><\/li><li>Se\u00e7\u00e3o de Aten\u00e7\u00e3o e Promo\u00e7\u00e3o a Sa\u00fade &#8211; &nbsp;<a href=\"mailto:sapslitoral@ufpr.br\" target=\"_blank\" rel=\"noreferrer noopener\">sapslitoral@ufpr.br<\/a><\/li><li>SEPOL &#8211;&nbsp;<a href=\"http:\/\/sepol@ufpr.br\/sepol.litoral@gmail.com\" target=\"_blank\" rel=\"noreferrer noopener\">sepol@ufpr.br\/sepol.litoral@gmail.com<\/a><\/li><li>Laborat\u00f3rios Did\u00e1ticos &#8211; &nbsp;<a href=\"mailto:lab.ufprlitoral@gmail.com\" target=\"_blank\" rel=\"noreferrer noopener\">lab.ufprlitoral@gmail.com<\/a><\/li><li>Gest\u00e3o de Pessoas &#8211;&nbsp;<a href=\"mailto:segplitoral@gmail.com\" target=\"_blank\" rel=\"noreferrer noopener\">segplitoral@gmail.com<\/a><\/li><li>Se\u00e7\u00e3o de Controle e Execu\u00e7\u00e3o Or\u00e7ament\u00e1ria &#8211;&nbsp;<a href=\"mailto:financeirolitoral@gmail.com\" target=\"_blank\" rel=\"noreferrer noopener\">financeirolitoral@gmail.com<\/a><\/li><li>Comunica\u00e7\u00e3o &#8211;&nbsp;<a href=\"mailto:ufprsecom@gmail.com\" target=\"_blank\" rel=\"noreferrer noopener\">ufprsecom@gmail.com<\/a><\/li><li>Inform\u00e1tica &#8211;&nbsp;<a href=\"mailto:sti@ufpr.br\" target=\"_blank\" rel=\"noreferrer noopener\">sti@ufpr.br<\/a><\/li><li>Servi\u00e7os de Apoio Administrativo &#8211;&nbsp;<a href=\"mailto:jorge@ufpr.br\" target=\"_blank\" rel=\"noreferrer noopener\">jorge@ufpr.br<\/a><\/li><li>Gest\u00e3o Acad\u00eamica da P\u00f3s-gradua\u00e7\u00e3o &#8211; PPGDTS (<a href=\"mailto:ppgdts@gmail.com\" target=\"_blank\" rel=\"noreferrer noopener\">ppgdts@gmail.com<\/a>)&nbsp;PROFCIAMB (<a href=\"mailto:erikaprofciambufpr@gmail.com\" target=\"_blank\" rel=\"noreferrer noopener\">erikaprofciambufpr@gmail.com<\/a>), Especializa\u00e7\u00e3o (<a href=\"mailto:tania.lima@ufpr.br\" target=\"_blank\" rel=\"noreferrer noopener\">tania.lima@ufpr.br<\/a>)<\/li><\/ul>\n","protected":false},"excerpt":{"rendered":"<p>Informe\u00a0n\u00ba 38\/2020 A\u00a0SAPS &#8211; Se\u00e7\u00e3o de Aten\u00e7\u00e3o e Promo\u00e7\u00e3o \u00e0 Sa\u00fade do Setor Litoral\u00a0-, est\u00e1 disponibilizando alguns canais de contato \u00e0 comunidade acad\u00eamica durante a dura\u00e7\u00e3o do per\u00edodo de isolamento social imposto pela pandemia do Covid-19. Ressaltamos que atualmente n\u00e3o contamos com m\u00e9dicos na equipe, que segue composta por profissionais\u00a0das \u00e1reas administrativa, da enfermagem e [&hellip;]<\/p>\n","protected":false},"author":1578,"featured_media":0,"comment_status":"open","ping_status":"open","sticky":false,"template":"","format":"standard","meta":{"_acf_changed":false,"footnotes":""},"categories":[64,14],"tags":[],"class_list":["post-1607","post","type-post","status-publish","format-standard","hentry","category-acompanhe","category-informe"],"acf":[],"_links":{"self":[{"href":"https:\/\/litoral.ufpr.br\/direcao\/wp-json\/wp\/v2\/posts\/1607","targetHints":{"allow":["GET"]}}],"collection":[{"href":"https:\/\/litoral.ufpr.br\/direcao\/wp-json\/wp\/v2\/posts"}],"about":[{"href":"https:\/\/litoral.ufpr.br\/direcao\/wp-json\/wp\/v2\/types\/post"}],"author":[{"embeddable":true,"href":"https:\/\/litoral.ufpr.br\/direcao\/wp-json\/wp\/v2\/users\/1578"}],"replies":[{"embeddable":true,"href":"https:\/\/litoral.ufpr.br\/direcao\/wp-json\/wp\/v2\/comments?post=1607"}],"version-history":[{"count":1,"href":"https:\/\/litoral.ufpr.br\/direcao\/wp-json\/wp\/v2\/posts\/1607\/revisions"}],"predecessor-version":[{"id":1608,"href":"https:\/\/litoral.ufpr.br\/direcao\/wp-json\/wp\/v2\/posts\/1607\/revisions\/1608"}],"wp:attachment":[{"href":"https:\/\/litoral.ufpr.br\/direcao\/wp-json\/wp\/v2\/media?parent=1607"}],"wp:term":[{"taxonomy":"category","embeddable":true,"href":"https:\/\/litoral.ufpr.br\/direcao\/wp-json\/wp\/v2\/categories?post=1607"},{"taxonomy":"post_tag","embeddable":true,"href":"https:\/\/litoral.ufpr.br\/direcao\/wp-json\/wp\/v2\/tags?post=1607"}],"curies":[{"name":"wp","href":"https:\/\/api.w.org\/{rel}","templated":true}]}}