{"id":1510,"date":"2020-05-05T18:49:00","date_gmt":"2020-05-05T21:49:00","guid":{"rendered":"https:\/\/litoral.ufpr.br\/direcao\/?p=1510"},"modified":"2020-09-23T13:38:03","modified_gmt":"2020-09-23T16:38:03","slug":"1510","status":"publish","type":"post","link":"https:\/\/litoral.ufpr.br\/direcao\/2020\/05\/05\/1510\/","title":{"rendered":"Informe da Dire\u00e7\u00e3o &#8211; Comunica\u00e7\u00e3o com a comunidade acad\u00eamica"},"content":{"rendered":"\n<p><strong>Informe n\u00ba 22\/2020<\/strong><\/p>\n\n\n\n<p>Com intuito de dinamizar e publicizar o m\u00e1ximo de informa\u00e7\u00f5es \u00e0 toda comunidade acad\u00eamica, a Dire\u00e7\u00e3o, com o assessoramento da equipe de Comunica\u00e7\u00e3o, tem trabalhado para que o site do setor, e nesse momento espec\u00edfico, a\u00a0<a rel=\"noreferrer noopener\" href=\"https:\/\/litoral.ufpr.br\/coronavirus\/\" target=\"_blank\">Plataforma Coronav\u00edrus<\/a>, seja um canal de comunica\u00e7\u00e3o mais din\u00e2mico e atualizado sobre todas as a\u00e7\u00f5es desenvolvidas no setor.<\/p>\n\n\n\n<p>Al\u00e9m de todas as informa\u00e7\u00f5es j\u00e1 existentes estamos criando um espa\u00e7o Intitulado&nbsp;<strong>&#8220;Pra Sair Dessa Mar\u00e9&#8221;<\/strong>&nbsp;que contar\u00e1 com um&nbsp;<em><strong>Blog<\/strong><\/em>&nbsp;destinado aos servidores para publica\u00e7\u00e3o de seus trabalhos de pesquisa, extens\u00e3o e outras atividades sobre temas relacionados ao momento de pandemia que estamos vivenciando. Tamb\u00e9m ter\u00e1 in\u00edcio uma<em><strong>&nbsp;live<\/strong><\/em>&nbsp;a partir do dia 8 de maio, que ocorrer\u00e1 todas as sextas-feiras das 17 \u00e0s 18h com a participa\u00e7\u00e3o de um convidado externo e um convidado de nossa comunidade acad\u00eamica.<\/p>\n\n\n\n<ul class=\"wp-block-list\"><li><strong>BLOG:<\/strong>&nbsp;Materiais para publica\u00e7\u00e3o devem ser enviados para&nbsp;<br>e-mail: &nbsp;<a rel=\"noreferrer noopener\" href=\"mailto:comunicacaolitoral@ufpr.br\" target=\"_blank\">comunicacaolitoral@ufpr.br<\/a><br>Assunto: Publica\u00e7\u00e3o BLOG<\/li><li><strong>LIVE:&nbsp;<\/strong><br>Data: Sextas-feiras (in\u00edcio em 08 de maio)<br>Hor\u00e1rio: 17 \u00e0s 18h<br>Local: Facebook UFPR Litoral<\/li><\/ul>\n","protected":false},"excerpt":{"rendered":"<p>Informe n\u00ba 22\/2020 Com intuito de dinamizar e publicizar o m\u00e1ximo de informa\u00e7\u00f5es \u00e0 toda comunidade acad\u00eamica, a Dire\u00e7\u00e3o, com o assessoramento da equipe de Comunica\u00e7\u00e3o, tem trabalhado para que o site do setor, e nesse momento espec\u00edfico, a\u00a0Plataforma Coronav\u00edrus, seja um canal de comunica\u00e7\u00e3o mais din\u00e2mico e atualizado sobre todas as a\u00e7\u00f5es desenvolvidas no [&hellip;]<\/p>\n","protected":false},"author":1578,"featured_media":0,"comment_status":"open","ping_status":"open","sticky":false,"template":"","format":"standard","meta":{"_acf_changed":false,"footnotes":""},"categories":[64,14],"tags":[],"class_list":["post-1510","post","type-post","status-publish","format-standard","hentry","category-acompanhe","category-informe"],"acf":[],"_links":{"self":[{"href":"https:\/\/litoral.ufpr.br\/direcao\/wp-json\/wp\/v2\/posts\/1510","targetHints":{"allow":["GET"]}}],"collection":[{"href":"https:\/\/litoral.ufpr.br\/direcao\/wp-json\/wp\/v2\/posts"}],"about":[{"href":"https:\/\/litoral.ufpr.br\/direcao\/wp-json\/wp\/v2\/types\/post"}],"author":[{"embeddable":true,"href":"https:\/\/litoral.ufpr.br\/direcao\/wp-json\/wp\/v2\/users\/1578"}],"replies":[{"embeddable":true,"href":"https:\/\/litoral.ufpr.br\/direcao\/wp-json\/wp\/v2\/comments?post=1510"}],"version-history":[{"count":3,"href":"https:\/\/litoral.ufpr.br\/direcao\/wp-json\/wp\/v2\/posts\/1510\/revisions"}],"predecessor-version":[{"id":1513,"href":"https:\/\/litoral.ufpr.br\/direcao\/wp-json\/wp\/v2\/posts\/1510\/revisions\/1513"}],"wp:attachment":[{"href":"https:\/\/litoral.ufpr.br\/direcao\/wp-json\/wp\/v2\/media?parent=1510"}],"wp:term":[{"taxonomy":"category","embeddable":true,"href":"https:\/\/litoral.ufpr.br\/direcao\/wp-json\/wp\/v2\/categories?post=1510"},{"taxonomy":"post_tag","embeddable":true,"href":"https:\/\/litoral.ufpr.br\/direcao\/wp-json\/wp\/v2\/tags?post=1510"}],"curies":[{"name":"wp","href":"https:\/\/api.w.org\/{rel}","templated":true}]}}