{"id":1474,"date":"2020-03-16T17:41:00","date_gmt":"2020-03-16T20:41:00","guid":{"rendered":"https:\/\/litoral.ufpr.br\/direcao\/?p=1474"},"modified":"2020-09-23T13:39:15","modified_gmt":"2020-09-23T16:39:15","slug":"informe-da-direcao-orientacoes-tecnicas-referente-a-suspensao-do-calendario","status":"publish","type":"post","link":"https:\/\/litoral.ufpr.br\/direcao\/2020\/03\/16\/informe-da-direcao-orientacoes-tecnicas-referente-a-suspensao-do-calendario\/","title":{"rendered":"Informe da Dire\u00e7\u00e3o &#8211; Orienta\u00e7\u00f5es t\u00e9cnicas referente \u00e0 suspens\u00e3o do calend\u00e1rio"},"content":{"rendered":"\n<p> <strong>Informe&nbsp;n\u00ba 14\/2020<\/strong> <\/p>\n\n\n\n<p>A&nbsp;Dire\u00e7\u00e3o&nbsp;do Setor Litoral encaminha novas orienta\u00e7\u00f5es a t\u00e9cnicas e t\u00e9cnicos administrativos, estudantes e docentes, para os pr\u00f3ximos 14 dias.<\/p>\n\n\n\n<p>Em rela\u00e7\u00e3o ao Despacho&nbsp;38\/2020\/UFPR\/R\/GAB\/SOC que&nbsp;suspendeu o Calend\u00e1rio Acad\u00eamico, ressalta-se que:&nbsp;<\/p>\n\n\n\n<p>&#8211; as C\u00e2maras podem propor atividades remotas, de car\u00e1ter pedag\u00f3gico, mas essas atividades n\u00e3o se configuram nem como obrigat\u00f3rias nem correspondem a aulas dadas.<\/p>\n\n\n\n<p>Com base na <a href=\"http:\/\/www.sept.ufpr.br\/wp-content\/uploads\/2020\/03\/Portaria-721-2020-Reitoria.pdf\">Portaria&nbsp;n\u00ba 721\/2020<\/a>-Reitoria, que&nbsp;Regulamenta as rotinas de trabalho e os procedimentos administrativos (anexo),&nbsp;ressalta-se que, de acordo com o Art. 4\u00ba, da Se\u00e7\u00e3o I, \u201cEm observ\u00e2ncia \u00e0s normas aplic\u00e1veis \u00e0 esp\u00e9cie e a crit\u00e9rio da chefia imediata, os servidores poder\u00e3o realizar o trabalho em regime de turnos ou sistema de \u2018rod\u00edzio\u2019, a fim de reduzir a circula\u00e7\u00e3o e a perman\u00eancia de servidores nos ambientes da UFPR, sendo primordial garantir o funcionamento e o atendimento da unidade no hor\u00e1rio do expediente.\u201d Ressalta-se, ainda, que:<\/p>\n\n\n\n<p>&nbsp;&#8211;&nbsp;est\u00e3o suspensas novas viagens internacionais a servi\u00e7o, novas viagens nacionais a servi\u00e7o est\u00e3o restritas \u00e0quelas&nbsp;<strong>rigorosamente necess\u00e1rias<\/strong>&nbsp;enquanto perdurar a situa\u00e7\u00e3o de emerg\u00eancia epidemiol\u00f3gica;<\/p>\n\n\n\n<p>&#8211; est\u00e3o suspensas as participa\u00e7\u00f5es de servidores em treinamentos presenciais, congressos e eventos;<\/p>\n\n\n\n<p>&#8211; est\u00e1 suspenso o acesso do p\u00fablico a laborat\u00f3rios did\u00e1ticos e de inform\u00e1tica, biblioteca, audit\u00f3rio, com exce\u00e7\u00e3o para atividades administrativas&nbsp;<strong>essenciais e priorit\u00e1rias<\/strong>;<strong><\/strong><\/p>\n\n\n\n<p>&#8211; os servidores t\u00e9cnico-administrativos do Setor Litoral atender\u00e3o, preferencialmente, por meio eletr\u00f4nico. O atendimento presencial ser\u00e1 mantido em casos essenciais, previamente agendados pelo e-mail da unidade correspondente \u00e0 solicita\u00e7\u00e3o:<\/p>\n\n\n\n<ul class=\"wp-block-list\"><li>Dire\u00e7\u00e3o&nbsp;Setorial &#8211;&nbsp;<a href=\"mailto:dir.ufprlitoral@ufpr.br\" target=\"_blank\" rel=\"noreferrer noopener\">dir.ufprlitoral@ufpr.br<\/a><\/li><li>Coordena\u00e7\u00e3o Acad\u00eamica &#8211;&nbsp;<a href=\"mailto:coord.academica.ufprlitoral@gmail.com\" target=\"_blank\" rel=\"noreferrer noopener\">coord.academica.ufprlitoral@gmail.com<\/a><\/li><li>Coordena\u00e7\u00e3o Administrativa &#8211;&nbsp;<a href=\"mailto:coordenaadm@gmail.com\" target=\"_blank\" rel=\"noreferrer noopener\">coordenaadm@gmail.com<\/a><\/li><li>C\u00e2maras Pedag\u00f3gicas &#8211;&nbsp;<a href=\"https:\/\/litoral.ufpr.br\/ufpr-litoral\/camaras-pedagogicas\/\" target=\"_blank\" rel=\"noreferrer noopener\">clique aqui<\/a><\/li><li>Gest\u00e3o Acad\u00eamica da Gradua\u00e7\u00e3o &#8211;&nbsp;<a href=\"mailto:sgp@ufpr.br\" target=\"_blank\" rel=\"noreferrer noopener\">sgp@ufpr.br<\/a><\/li><li>Se\u00e7\u00e3o de Aten\u00e7\u00e3o e Promo\u00e7\u00e3o a Sa\u00fade &#8211; &nbsp;<a href=\"mailto:sapslitoral@ufpr.br\" target=\"_blank\" rel=\"noreferrer noopener\">sapslitoral@ufpr.br<\/a><\/li><li>SEPOL &#8211;&nbsp;<a href=\"http:\/\/sepol@ufpr.br\/sepol.litoral@gmail.com\" target=\"_blank\" rel=\"noreferrer noopener\">sepol@ufpr.br\/sepol.litoral@gmail.com<\/a><\/li><li>Laborat\u00f3rios Did\u00e1ticos &#8211; &nbsp;<a href=\"mailto:lab.ufprlitoral@gmail.com\" target=\"_blank\" rel=\"noreferrer noopener\">lab.ufprlitoral@gmail.com<\/a><\/li><li>Gest\u00e3o de Pessoas &#8211;&nbsp;<a href=\"mailto:segplitoral@gmail.com\" target=\"_blank\" rel=\"noreferrer noopener\">segplitoral@gmail.com<\/a><\/li><li>Se\u00e7\u00e3o de Controle e Execu\u00e7\u00e3o Or\u00e7ament\u00e1ria &#8211;&nbsp;<a href=\"mailto:financeirolitoral@gmail.com\" target=\"_blank\" rel=\"noreferrer noopener\">financeirolitoral@gmail.com<\/a><\/li><li>Comunica\u00e7\u00e3o &#8211;&nbsp;<a href=\"mailto:ufprsecom@gmail.com\" target=\"_blank\" rel=\"noreferrer noopener\">ufprsecom@gmail.com<\/a><\/li><li>Inform\u00e1tica &#8211;&nbsp;<a href=\"mailto:sti@ufpr.br\" target=\"_blank\" rel=\"noreferrer noopener\">sti@ufpr.br<\/a><\/li><li>Servi\u00e7os de Apoio Administrativo &#8211;&nbsp;<a href=\"mailto:jorge@ufpr.br\" target=\"_blank\" rel=\"noreferrer noopener\">jorge@ufpr.br<\/a><\/li><li>Gest\u00e3o Acad\u00eamica da P\u00f3s-gradua\u00e7\u00e3o &#8211; PPGDTS (<a href=\"mailto:ppgdts@gmail.com\" target=\"_blank\" rel=\"noreferrer noopener\">ppgdts@gmail.com<\/a>)&nbsp;PROFCIAMB (<a href=\"mailto:erikaprofciambufpr@gmail.com\" target=\"_blank\" rel=\"noreferrer noopener\">erikaprofciambufpr@gmail.com<\/a>), Especializa\u00e7\u00e3o (<a href=\"mailto:tania.lima@ufpr.br\" target=\"_blank\" rel=\"noreferrer noopener\">tania.lima@ufpr.br<\/a>)<\/li><\/ul>\n\n\n\n<p>&#8211; no Site da UFPR Litoral e nas portas das unidades devem ser disponibilizados os contatos para atendimento remoto;<\/p>\n\n\n\n<p>&#8211; as chefias das unidades enviar\u00e3o para o email da&nbsp;Dire\u00e7\u00e3o&nbsp;(<a href=\"mailto:dir.ufprlitoral@ufpr.br\" target=\"_blank\" rel=\"noreferrer noopener\">dir.ufprlitoral@ufpr.br<\/a>), at\u00e9 as 17h do dia 17\/03, o cronograma de atendimento e atividades a serem desenvolvidas do dia 17 ao dia 20\/03. Ser\u00e1 realizada uma avalia\u00e7\u00e3o dos procedimentos adotados durante a semana e estabelecido um novo planejamento para a semana seguinte;<\/p>\n\n\n\n<p>&#8211; est\u00e3o suspensos os agendamentos e atendimentos no SAPS, seguindo as orienta\u00e7\u00f5es do Minist\u00e9rio da Sa\u00fade e tendo em vista a natureza dessa unidade;<br>&#8211; a entrada no Setor ser\u00e1 apenas pela Rua Jaguariaiva.<\/p>\n\n\n\n<p>Novas provid\u00eancias poder\u00e3o ser adotadas conforme eventuais altera\u00e7\u00f5es epidemiol\u00f3gicas ou edi\u00e7\u00e3o de normativos de \u00f3rg \u00e3o superiores.&nbsp;Por isso, solicitamos \u00e0 comunidade acad\u00eamica que fique atenta aos seus emails e ao Site da UFPR Litoral.<\/p>\n\n\n\n<p>A&nbsp;Dire\u00e7\u00e3o&nbsp;do Setor Litoral permanece atenta e comprometida em informar de forma transparente as a\u00e7\u00f5es que administrativa e coletivamente v\u00eam sendo tomadas para que sejam garantidos os atendimentos e processos&nbsp;&nbsp;acad\u00eamicos internos e externos, assim como a sa\u00fade de todas e todos.&nbsp;&nbsp;Pratiquemos a&nbsp;solidariedade social ativa, protegendo a nossa sa\u00fade e a de todos. O COVID 19 est\u00e1 nos dando a oportunidade de lembrar que todas as pessoas s\u00e3o iguais e que somente com a a\u00e7\u00e3o coletiva e solid\u00e1ria poderemos enfrentar e superar essa emerg\u00eancia de sa\u00fade p\u00fablica de dimens\u00e3o mundial.<\/p>\n","protected":false},"excerpt":{"rendered":"<p>Informe&nbsp;n\u00ba 14\/2020 A&nbsp;Dire\u00e7\u00e3o&nbsp;do Setor Litoral encaminha novas orienta\u00e7\u00f5es a t\u00e9cnicas e t\u00e9cnicos administrativos, estudantes e docentes, para os pr\u00f3ximos 14 dias. Em rela\u00e7\u00e3o ao Despacho&nbsp;38\/2020\/UFPR\/R\/GAB\/SOC que&nbsp;suspendeu o Calend\u00e1rio Acad\u00eamico, ressalta-se que:&nbsp; &#8211; as C\u00e2maras podem propor atividades remotas, de car\u00e1ter pedag\u00f3gico, mas essas atividades n\u00e3o se configuram nem como obrigat\u00f3rias nem correspondem a aulas dadas. [&hellip;]<\/p>\n","protected":false},"author":1578,"featured_media":0,"comment_status":"open","ping_status":"open","sticky":false,"template":"","format":"standard","meta":{"_acf_changed":false,"footnotes":""},"categories":[64,14],"tags":[],"class_list":["post-1474","post","type-post","status-publish","format-standard","hentry","category-acompanhe","category-informe"],"acf":[],"_links":{"self":[{"href":"https:\/\/litoral.ufpr.br\/direcao\/wp-json\/wp\/v2\/posts\/1474","targetHints":{"allow":["GET"]}}],"collection":[{"href":"https:\/\/litoral.ufpr.br\/direcao\/wp-json\/wp\/v2\/posts"}],"about":[{"href":"https:\/\/litoral.ufpr.br\/direcao\/wp-json\/wp\/v2\/types\/post"}],"author":[{"embeddable":true,"href":"https:\/\/litoral.ufpr.br\/direcao\/wp-json\/wp\/v2\/users\/1578"}],"replies":[{"embeddable":true,"href":"https:\/\/litoral.ufpr.br\/direcao\/wp-json\/wp\/v2\/comments?post=1474"}],"version-history":[{"count":3,"href":"https:\/\/litoral.ufpr.br\/direcao\/wp-json\/wp\/v2\/posts\/1474\/revisions"}],"predecessor-version":[{"id":1482,"href":"https:\/\/litoral.ufpr.br\/direcao\/wp-json\/wp\/v2\/posts\/1474\/revisions\/1482"}],"wp:attachment":[{"href":"https:\/\/litoral.ufpr.br\/direcao\/wp-json\/wp\/v2\/media?parent=1474"}],"wp:term":[{"taxonomy":"category","embeddable":true,"href":"https:\/\/litoral.ufpr.br\/direcao\/wp-json\/wp\/v2\/categories?post=1474"},{"taxonomy":"post_tag","embeddable":true,"href":"https:\/\/litoral.ufpr.br\/direcao\/wp-json\/wp\/v2\/tags?post=1474"}],"curies":[{"name":"wp","href":"https:\/\/api.w.org\/{rel}","templated":true}]}}