{"id":13854,"date":"2020-11-25T16:58:21","date_gmt":"2020-11-25T19:58:21","guid":{"rendered":"https:\/\/litoral.ufpr.br\/direcao\/?p=13854"},"modified":"2021-01-22T17:00:44","modified_gmt":"2021-01-22T20:00:44","slug":"nota-da-direcao-avaliacao-institucional","status":"publish","type":"post","link":"https:\/\/litoral.ufpr.br\/direcao\/2020\/11\/25\/nota-da-direcao-avaliacao-institucional\/","title":{"rendered":"Nota da Dire\u00e7\u00e3o \/ Avalia\u00e7\u00e3o Institucional"},"content":{"rendered":"\n<p><strong>Informe&nbsp;n\u00ba 65\/2020<\/strong><br><strong><br><\/strong><strong>Assunto: Nota da&nbsp;Dire\u00e7\u00e3o&nbsp;<\/strong><\/p>\n\n\n\n<p>Nota da\u00a0Dire\u00e7\u00e3o\u00a0do Setor Litoral, UFPR, sobre a greve de fome das Professoras e Professores da Rede Estadual de Ensino do Estado do Paran\u00e1\u00a0<a rel=\"noreferrer noopener\" href=\"https:\/\/litoral.ufpr.br\/direcao\/2020\/11\/25\/nota-da-direcao-do-setor-litoral-sobre-a-greve-de-fome-das-professoras-e-professores-da-rede-estadual-de-ensino-do-estado-do-parana\/\" target=\"_blank\">clique aqui<\/a><br><\/p>\n\n\n\n<p><strong>Assunto: Avalia\u00e7\u00e3o Institucional 2020<\/strong><br><br>A Comiss\u00e3o Pr\u00f3pria de Avalia\u00e7\u00e3o (CPA), solicita a todas e todos servidores docentes e t\u00e9cnico-administrativos a participarem da\u00a0<strong>Avalia\u00e7\u00e3o Institucional 2020<\/strong>, que ficar\u00e1 no ar pelo per\u00edodo\u00a0<strong>16 de novembro\u00a0a\u00a004\u00a0de\u00a0dezembro de 2020.\u00a0<\/strong> At\u00e9 o momento apenas\u00a05 docentes e 7 t\u00e9cnico- administrativos do setor responderam a pesquisa.  Na edi\u00e7\u00e3o deste ano, a pesquisa\u00a0de auto-avalia\u00e7\u00e3o\u00a0na UFPR\u00a0englobar\u00e1 tr\u00eas eixos:<br><br>1. As condi\u00e7\u00f5es e percep\u00e7\u00f5es do trabalho\u00a0remoto,\u00a0sob o ponto de vista dos servidores;<br>2. A avalia\u00e7\u00e3o do Plano de Desenvolvimento Institucional (PDI) pela UFPR,\u00a0buscando medir a percep\u00e7\u00e3o dos\u00a0servidores quanto ao alcance dos objetivos formalizados\u00a0pela institui\u00e7\u00e3o para:\u00a0Ensino,\u00a0Extens\u00e3o, Pesquisa, Internacionaliza\u00e7\u00e3o, Inova\u00e7\u00e3o\u00a0Tecnol\u00f3gica e\u00a0Gest\u00e3o;\u00a0e<br>3. O n\u00edvel de satisfa\u00e7\u00e3o dos servidores em rela\u00e7\u00e3o ao atendimento e aos servi\u00e7os prestados nas diversas unidades administrativas e acad\u00eamicas da UFPR e seus \u00f3rg\u00e3os suplementares.<br><br><a rel=\"noreferrer noopener\" href=\"http:\/\/cpa.ufpr.br\/avaliacao2020\" target=\"_blank\">Clique para<\/a>\u00a0responder.<\/p>\n","protected":false},"excerpt":{"rendered":"<p>Informe&nbsp;n\u00ba 65\/2020Assunto: Nota da&nbsp;Dire\u00e7\u00e3o&nbsp; Nota da\u00a0Dire\u00e7\u00e3o\u00a0do Setor Litoral, UFPR, sobre a greve de fome das Professoras e Professores da Rede Estadual de Ensino do Estado do Paran\u00e1\u00a0clique aqui Assunto: Avalia\u00e7\u00e3o Institucional 2020 A Comiss\u00e3o Pr\u00f3pria de Avalia\u00e7\u00e3o (CPA), solicita a todas e todos servidores docentes e t\u00e9cnico-administrativos a participarem da\u00a0Avalia\u00e7\u00e3o Institucional 2020, que ficar\u00e1 no [&hellip;]<\/p>\n","protected":false},"author":1578,"featured_media":0,"comment_status":"open","ping_status":"open","sticky":false,"template":"","format":"standard","meta":{"_acf_changed":false,"footnotes":""},"categories":[14],"tags":[],"class_list":["post-13854","post","type-post","status-publish","format-standard","hentry","category-informe"],"acf":[],"_links":{"self":[{"href":"https:\/\/litoral.ufpr.br\/direcao\/wp-json\/wp\/v2\/posts\/13854","targetHints":{"allow":["GET"]}}],"collection":[{"href":"https:\/\/litoral.ufpr.br\/direcao\/wp-json\/wp\/v2\/posts"}],"about":[{"href":"https:\/\/litoral.ufpr.br\/direcao\/wp-json\/wp\/v2\/types\/post"}],"author":[{"embeddable":true,"href":"https:\/\/litoral.ufpr.br\/direcao\/wp-json\/wp\/v2\/users\/1578"}],"replies":[{"embeddable":true,"href":"https:\/\/litoral.ufpr.br\/direcao\/wp-json\/wp\/v2\/comments?post=13854"}],"version-history":[{"count":2,"href":"https:\/\/litoral.ufpr.br\/direcao\/wp-json\/wp\/v2\/posts\/13854\/revisions"}],"predecessor-version":[{"id":13856,"href":"https:\/\/litoral.ufpr.br\/direcao\/wp-json\/wp\/v2\/posts\/13854\/revisions\/13856"}],"wp:attachment":[{"href":"https:\/\/litoral.ufpr.br\/direcao\/wp-json\/wp\/v2\/media?parent=13854"}],"wp:term":[{"taxonomy":"category","embeddable":true,"href":"https:\/\/litoral.ufpr.br\/direcao\/wp-json\/wp\/v2\/categories?post=13854"},{"taxonomy":"post_tag","embeddable":true,"href":"https:\/\/litoral.ufpr.br\/direcao\/wp-json\/wp\/v2\/tags?post=13854"}],"curies":[{"name":"wp","href":"https:\/\/api.w.org\/{rel}","templated":true}]}}