{"id":13848,"date":"2020-11-23T17:24:00","date_gmt":"2020-11-23T20:24:00","guid":{"rendered":"https:\/\/litoral.ufpr.br\/direcao\/?p=13848"},"modified":"2020-11-25T17:26:54","modified_gmt":"2020-11-25T20:26:54","slug":"webinar-nte-trabalho-remoto","status":"publish","type":"post","link":"https:\/\/litoral.ufpr.br\/direcao\/2020\/11\/23\/webinar-nte-trabalho-remoto\/","title":{"rendered":"Webinar NTE \/ Trabalho Remoto"},"content":{"rendered":"\n<p><strong>Informe n\u00ba 64\/2020<\/strong><br><strong><br>Assunto: Webinar Inaugura\u00e7\u00e3o NTE Litoral<\/strong><br><br>Lembramos que amanh\u00e3, dia 24\/11 (ter\u00e7a-feira), \u00e0s 18h30, com\u00a0 transmiss\u00e3o pelo Facebook da UFPR Litoral  acontecer\u00e1 o Webinar de Inaugura\u00e7\u00e3o do NTE Litoral.  link:\u00a0<a rel=\"noreferrer noopener\" href=\"https:\/\/pt-br.facebook.com\/UFPRLitoral\" target=\"_blank\">https:\/\/pt-br.facebook.com\/UFPRLitoral<\/a>\u00a0 <br><\/p>\n\n\n\n<p><strong>Assunto: Trabalho Remoto<\/strong><br><br>A Dire\u00e7\u00e3o informa sobre a publica\u00e7\u00e3o da\u00a0<a rel=\"noreferrer noopener\" href=\"http:\/\/www.progepe.ufpr.br\/portarias\/portaria-no-1530-reitoria-de-20-de-novembro-de-2020\/\" target=\"_blank\">Portaria n\u00ba 1530\/REITORIA<\/a>\u00a0que prorroga, at\u00e9 11 de dezembro de 2020 o prazo de ado\u00e7\u00e3o obrigat\u00f3ria do regime de trabalho remoto para todos os servidores t\u00e9cnicos administrativos, docentes e estagi\u00e1rios, em todas as unidades da UFPR. <\/p>\n","protected":false},"excerpt":{"rendered":"<p>Informe n\u00ba 64\/2020Assunto: Webinar Inaugura\u00e7\u00e3o NTE Litoral Lembramos que amanh\u00e3, dia 24\/11 (ter\u00e7a-feira), \u00e0s 18h30, com\u00a0 transmiss\u00e3o pelo Facebook da UFPR Litoral acontecer\u00e1 o Webinar de Inaugura\u00e7\u00e3o do NTE Litoral. link:\u00a0https:\/\/pt-br.facebook.com\/UFPRLitoral\u00a0 Assunto: Trabalho Remoto A Dire\u00e7\u00e3o informa sobre a publica\u00e7\u00e3o da\u00a0Portaria n\u00ba 1530\/REITORIA\u00a0que prorroga, at\u00e9 11 de dezembro de 2020 o prazo de ado\u00e7\u00e3o obrigat\u00f3ria [&hellip;]<\/p>\n","protected":false},"author":1578,"featured_media":0,"comment_status":"open","ping_status":"open","sticky":false,"template":"","format":"standard","meta":{"_acf_changed":false,"footnotes":""},"categories":[14],"tags":[],"class_list":["post-13848","post","type-post","status-publish","format-standard","hentry","category-informe"],"acf":[],"_links":{"self":[{"href":"https:\/\/litoral.ufpr.br\/direcao\/wp-json\/wp\/v2\/posts\/13848","targetHints":{"allow":["GET"]}}],"collection":[{"href":"https:\/\/litoral.ufpr.br\/direcao\/wp-json\/wp\/v2\/posts"}],"about":[{"href":"https:\/\/litoral.ufpr.br\/direcao\/wp-json\/wp\/v2\/types\/post"}],"author":[{"embeddable":true,"href":"https:\/\/litoral.ufpr.br\/direcao\/wp-json\/wp\/v2\/users\/1578"}],"replies":[{"embeddable":true,"href":"https:\/\/litoral.ufpr.br\/direcao\/wp-json\/wp\/v2\/comments?post=13848"}],"version-history":[{"count":1,"href":"https:\/\/litoral.ufpr.br\/direcao\/wp-json\/wp\/v2\/posts\/13848\/revisions"}],"predecessor-version":[{"id":13849,"href":"https:\/\/litoral.ufpr.br\/direcao\/wp-json\/wp\/v2\/posts\/13848\/revisions\/13849"}],"wp:attachment":[{"href":"https:\/\/litoral.ufpr.br\/direcao\/wp-json\/wp\/v2\/media?parent=13848"}],"wp:term":[{"taxonomy":"category","embeddable":true,"href":"https:\/\/litoral.ufpr.br\/direcao\/wp-json\/wp\/v2\/categories?post=13848"},{"taxonomy":"post_tag","embeddable":true,"href":"https:\/\/litoral.ufpr.br\/direcao\/wp-json\/wp\/v2\/tags?post=13848"}],"curies":[{"name":"wp","href":"https:\/\/api.w.org\/{rel}","templated":true}]}}