{"id":13836,"date":"2020-08-31T16:34:00","date_gmt":"2020-08-31T19:34:00","guid":{"rendered":"https:\/\/litoral.ufpr.br\/direcao\/?p=13836"},"modified":"2020-11-20T16:38:20","modified_gmt":"2020-11-20T19:38:20","slug":"reuniao-ordinaria-do-conselho-do-setor-litoral-da-ufpr-3","status":"publish","type":"post","link":"https:\/\/litoral.ufpr.br\/direcao\/2020\/08\/31\/reuniao-ordinaria-do-conselho-do-setor-litoral-da-ufpr-3\/","title":{"rendered":"Reuni\u00e3o Ordin\u00e1ria do Conselho do Setor Litoral da UFPR."},"content":{"rendered":"\n<p><strong>Informe\u00a0n\u00ba 44\/2020<\/strong><\/p>\n\n\n\n<p>Data: 02\/09\/2020.<br>Hor\u00e1rio: 14 horas.<br>Local: Microsoft teams\u00a0<a rel=\"noreferrer noopener\" href=\"https:\/\/teams.microsoft.com\/l\/meetup-join\/19%3ameeting_N2I2ZGJmZjMtMjg3Yi00NDRmLTg5ZjQtYTVkNjA5MTUxOWIx%40thread.v2\/0?context=%7b%22Tid%22%3a%22c37b37a3-e9e2-42f9-bc67-4b9b738e1df0%22%2c%22Oid%22%3a%228f4845af-d430-4c3b-9171-83aa099a9624%22%7d\" target=\"_blank\">(link clique aqui)<\/a><\/p>\n\n\n\n<p>Informes.<\/p>\n\n\n\n<p><strong>Ordem do Dia:<\/strong><\/p>\n\n\n\n<p><strong>1) Processo n\u00ba 23075.045673\/2020-72.<\/strong><br>Assunto: Termo de coopera\u00e7\u00e3o t\u00e9cnica entre a UFPR e o Museu da Vida da Funda\u00e7\u00e3o Oswaldo Cruz para potencializa\u00e7\u00e3o das a\u00e7\u00f5es do projeto Zikabus, por meio do Laborat\u00f3rio M\u00f3vel de Educa\u00e7\u00e3o Cient\u00edfica da UFPR Litoral (LabM\u00f3vel).<br>Interessado: UFPR Setor Litoral.<br>Relator: Conselheiro Gilson Walmor Dahmer.<\/p>\n\n\n\n<p><strong>2) Processo n\u00ba 23075.042932\/2020-11.<\/strong><br>Assunto: Homologa\u00e7\u00e3o da delibera\u00e7\u00e3o\u00a0<em>ad referendum n\u00ba 29\/2020-SL\/UAACS<\/em>\u00a0que aprovou a a\u00e7\u00e3o extensionista, intitulada\u00a0<strong>Evento de Extens\u00e3o I ENCONTRO DE EGRESSOS PROFCIAMB UFPR<\/strong>.<br>Interessada: Helena Midori Kashiwagi.<\/p>\n\n\n\n<p><strong>3) Processo n\u00ba 23075.042934\/2020-01.<\/strong><br>Assunto: Homologa\u00e7\u00e3o da delibera\u00e7\u00e3o\u00a0<em>ad referendum n\u00ba 30\/2020-SL\/UAACS<\/em>\u00a0que aprovou a a\u00e7\u00e3o extensionista, intitulada\u00a0<strong>Curso de Extens\u00e3o CULTURA E EDUCA\u00c7\u00c3O POPULAR E A PROPOSTA PEDAG\u00d3GICA DA EJA DE ARAUC\u00c1RIA<\/strong>.<br>Interessado: Maur\u00edcio Cesar Vit\u00f3ria Fagundes.<\/p>\n\n\n\n<p><strong>4) Processo n\u00ba 23075.042930\/2020-14.<\/strong><br>Assunto: Homologa\u00e7\u00e3o da delibera\u00e7\u00e3o\u00a0<em>ad referendum n\u00ba 31\/2020-SL\/UAACS<\/em>\u00a0que aprovou a a\u00e7\u00e3o extensionista, intitulada\u00a0<strong>Evento de extens\u00e3o Dia mundial do meio ambiente<\/strong>.<br>Interessada: Sandra Simm Rohrich.<\/p>\n\n\n\n<p><strong>5) Processo n\u00ba 23075.042933\/2020-58.<\/strong><br>Assunto: Homologa\u00e7\u00e3o da delibera\u00e7\u00e3o\u00a0<em>ad referendum n\u00ba 32\/2020-SL\/UAACS<\/em>\u00a0que aprovou a a\u00e7\u00e3o extensionista, intitulada\u00a0Curso de Extens\u00e3o Agroecologia e Alimenta\u00e7\u00e3o na escola em tempos de pandemia.<br>Interessada: Silvana C\u00e1ssia Hoeller.<\/p>\n\n\n\n<p><strong>6) Processo n\u00ba 23075.042928\/2020-45.<\/strong><br>Assunto: Homologa\u00e7\u00e3o da delibera\u00e7\u00e3o\u00a0<em>ad referendum n\u00ba 33\/2020-SL\/UAACS<\/em>\u00a0que aprovou a a\u00e7\u00e3o extensionista, intitulada\u00a0Evento de Extens\u00e3o Mostra de Arte I.ntervalo.<br>Interessada: Giselly Brasil.<\/p>\n\n\n\n<p><strong>7) Processo n\u00ba 23075.042927\/2020-09.<\/strong><br>Assunto: Homologa\u00e7\u00e3o da delibera\u00e7\u00e3o\u00a0<em>ad referendum n\u00ba 34\/2020-SL\/UAACS<\/em>\u00a0que aprovou a referente \u00e0 a\u00e7\u00e3o extensionista, intitulada\u00a0Projeto de Extens\u00e3o Laborat\u00f3rio de divulga\u00e7\u00e3o cient\u00edfica da Educa\u00e7\u00e3o F\u00edsica.<br>Interessado: Le\u00f4ncio Jos\u00e9 de Almeida Reis.<\/p>\n\n\n\n<p><strong>8) Processo n\u00ba 23075.042931\/2020-69.<\/strong><br>Assunto: Homologa\u00e7\u00e3o da delibera\u00e7\u00e3o\u00a0<em>ad referendum n\u00ba 35\/2020-SL\/UAACS<\/em>\u00a0que aprovou a a\u00e7\u00e3o extensionista, intitulada\u00a0Evento de Extens\u00e3o Rodas de Conversa sobre a Quest\u00e3o Social no Litoral Paranaense em Tempos de Pandemia.<br>Interessado: Robson de Oliveira.<\/p>\n\n\n\n<p><strong>9) Processo n\u00ba 23075.044110\/2020-67.<\/strong><br>Assunto: Homologa\u00e7\u00e3o da delibera\u00e7\u00e3o\u00a0<em>ad referendum n\u00ba 36\/2020-SL\/UAACS<\/em>\u00a0que aprovou a a\u00e7\u00e3o extensionista, intitulada Evento de Extens\u00e3o Lives &#8211; N\u00facleo de Arte e Educa\u00e7\u00e3o.<br>Interessada: Gisele Kliemann.<\/p>\n\n\n\n<p><strong>10) Processo n\u00ba 23075.044116\/2020-34.<\/strong><br>Assunto: Homologa\u00e7\u00e3o da delibera\u00e7\u00e3o\u00a0<em>ad referendum n\u00ba 37\/2020-SL\/UAACS<\/em>\u00a0que aprovou a a\u00e7\u00e3o extensionista, intitulada Evento de Extens\u00e3o Site &#8211; N\u00facleo de Arte e Educa\u00e7\u00e3o.<br>Interessada: Gisele Kliemann.<\/p>\n\n\n\n<p><strong>11) Processo n\u00ba 23075.043337\/2020-95.<\/strong><br>Assunto: Homologa\u00e7\u00e3o da delibera\u00e7\u00e3o\u00a0<em>ad referendum n\u00ba 382020-SL\/UAACS<\/em>\u00a0que aprovou a solicita\u00e7\u00e3o para renovar o contrato da professora substituta Luciane Cristina de Gaspari at\u00e9 31\/12\/2020.<br>Interessada: C\u00e2mara Pedag\u00f3gica do Curso de Tecnologia em Agroecologia do Setor Litoral.<\/p>\n\n\n\n<p><strong>12) Processo n\u00ba 23075.044171\/2020-24.<\/strong><br>Assunto: Homologa\u00e7\u00e3o da delibera\u00e7\u00e3o\u00a0<em>ad referendum n\u00ba 39\/2020-SL\/UAACS<\/em>\u00a0que aprovou a solicita\u00e7\u00e3o para renovar o contrato do professor substituto Leonardo Moraes da Silva at\u00e9 31\/12\/2020.<br>Interessada: C\u00e2mara Pedag\u00f3gica do Curso de Bacharelado em Servi\u00e7o Social do Setor Litoral.<\/p>\n\n\n\n<p><strong>13) Processo n\u00ba 23075.044167\/2020-66.<\/strong><br>Assunto: Homologa\u00e7\u00e3o da delibera\u00e7\u00e3o\u00a0<em>ad referendum n\u00ba 40\/2020-SL\/UAACS<\/em>\u00a0que aprovou a solicita\u00e7\u00e3o para renovar o contrato da professora substituta Vanessa Fiorini at\u00e9 31\/12\/2020.<br>Interessada: C\u00e2mara Pedag\u00f3gica do Curso de Bacharelado em Servi\u00e7o Social do Setor Litoral.<\/p>\n\n\n\n<p><strong>14) Processo n\u00ba 23075.042898\/2020-77 e 23075.043844\/2020-29.<\/strong><br>Assunto: Homologa\u00e7\u00e3o da delibera\u00e7\u00e3o\u00a0<em>ad referendum n\u00ba 41\/2020-SL\/UAACS<\/em>\u00a0que homologou o resultado da Consulta P\u00fablica para a Coordena\u00e7\u00e3o e Vice-Coordena\u00e7\u00e3o do Curso de Licenciatura em Artes do Setor Litoral da UFPR, mandato 2020-2022.<br>Interessado: Curso de Licenciatura em Artes do Setor Litoral da UFPR.<\/p>\n\n\n\n<p><strong>15) Processo n\u00ba 23075.043687\/2020-51.<\/strong><br>Assunto: Homologa\u00e7\u00e3o da delibera\u00e7\u00e3o\u00a0<em>ad referendum n\u00ba 42\/2020-SL\/UAACS<\/em>\u00a0que aprovou a solicita\u00e7\u00e3o para renovar o contrato do professor substituto Israel Montesuma Oliveira at\u00e9 31\/12\/2020.<br>Interessada: C\u00e2mara Pedag\u00f3gica do Curso de Licenciatura em Educa\u00e7\u00e3o F\u00edsica do Setor Litoral.<\/p>\n\n\n\n<p><strong>16) Processo n\u00ba 23075.044879\/2020-85.<\/strong><br>Assunto: Homologa\u00e7\u00e3o da delibera\u00e7\u00e3o\u00a0<em>ad referendum n\u00ba 43\/2020-SL\/UAACS<\/em>\u00a0que aprovou a solicita\u00e7\u00e3o para renovar o contrato do professor substituto Evandro Cardoso do Nascimento at\u00e9 31\/12\/2020.<br>Interessada: C\u00e2mara Pedag\u00f3gica do Curso de Licenciatura em Educa\u00e7\u00e3o do Campo \u2013 Ci\u00eancias da Natureza do Setor Litoral.<\/p>\n\n\n\n<p><strong>17 Processo n\u00ba 23075.044833\/2020-66.<\/strong><br>Assunto: Homologa\u00e7\u00e3o da delibera\u00e7\u00e3o\u00a0<em>ad referendum n\u00ba 44\/2020-SL\/UAACS<\/em>\u00a0que aprovou a solicita\u00e7\u00e3o para renovar o contrato da professora substituta Edinalva Oliveira. Informa\u00e7\u00f5es complementares.<br>Interessada: C\u00e2mara Pedag\u00f3gica do Curso de Licenciatura em Educa\u00e7\u00e3o do Campo \u2013 Ci\u00eancias da Natureza do Setor Litoral.<\/p>\n\n\n\n<p><strong>18) Processo n\u00ba\u00a023075.037152\/2020-41.<\/strong><br>Assunto: Homologa\u00e7\u00e3o da delibera\u00e7\u00e3o\u00a0<em>ad referendum n\u00ba 45\/2020-SL\/UAACS<\/em>\u00a0referente \u00e0 aprova\u00e7\u00e3o do resultado da 3\u00aa Etapa da Avalia\u00e7\u00e3o de Desempenho em Est\u00e1gio Probat\u00f3rio.<br>Interessada: Geovana Gentili Santos.<\/p>\n\n\n\n<p><strong>19) Processo n\u00ba 23075.045355\/2020-10.<\/strong><br>Assunto:\u00a0Homologa\u00e7\u00e3o da delibera\u00e7\u00e3o\u00a0<em>ad referendum n\u00ba 46\/2020-SL\/UAACS<\/em>\u00a0referente\u00a0\u00e0 aprova\u00e7\u00e3o Relat\u00f3rio final da turma 2018 do Curso de Especializa\u00e7\u00e3o\u00a0<strong>\u201c<\/strong>Alternativas para uma Nova Educa\u00e7\u00e3o\u201d.<br>Interessada: Franc\u00e9li Brizolla.<\/p>\n","protected":false},"excerpt":{"rendered":"<p>Informe\u00a0n\u00ba 44\/2020 Data: 02\/09\/2020.Hor\u00e1rio: 14 horas.Local: Microsoft teams\u00a0(link clique aqui) Informes. Ordem do Dia: 1) Processo n\u00ba 23075.045673\/2020-72.Assunto: Termo de coopera\u00e7\u00e3o t\u00e9cnica entre a UFPR e o Museu da Vida da Funda\u00e7\u00e3o Oswaldo Cruz para potencializa\u00e7\u00e3o das a\u00e7\u00f5es do projeto Zikabus, por meio do Laborat\u00f3rio M\u00f3vel de Educa\u00e7\u00e3o Cient\u00edfica da UFPR Litoral (LabM\u00f3vel).Interessado: UFPR Setor [&hellip;]<\/p>\n","protected":false},"author":1578,"featured_media":0,"comment_status":"open","ping_status":"open","sticky":false,"template":"","format":"standard","meta":{"_acf_changed":false,"footnotes":""},"categories":[14],"tags":[],"class_list":["post-13836","post","type-post","status-publish","format-standard","hentry","category-informe"],"acf":[],"_links":{"self":[{"href":"https:\/\/litoral.ufpr.br\/direcao\/wp-json\/wp\/v2\/posts\/13836","targetHints":{"allow":["GET"]}}],"collection":[{"href":"https:\/\/litoral.ufpr.br\/direcao\/wp-json\/wp\/v2\/posts"}],"about":[{"href":"https:\/\/litoral.ufpr.br\/direcao\/wp-json\/wp\/v2\/types\/post"}],"author":[{"embeddable":true,"href":"https:\/\/litoral.ufpr.br\/direcao\/wp-json\/wp\/v2\/users\/1578"}],"replies":[{"embeddable":true,"href":"https:\/\/litoral.ufpr.br\/direcao\/wp-json\/wp\/v2\/comments?post=13836"}],"version-history":[{"count":1,"href":"https:\/\/litoral.ufpr.br\/direcao\/wp-json\/wp\/v2\/posts\/13836\/revisions"}],"predecessor-version":[{"id":13837,"href":"https:\/\/litoral.ufpr.br\/direcao\/wp-json\/wp\/v2\/posts\/13836\/revisions\/13837"}],"wp:attachment":[{"href":"https:\/\/litoral.ufpr.br\/direcao\/wp-json\/wp\/v2\/media?parent=13836"}],"wp:term":[{"taxonomy":"category","embeddable":true,"href":"https:\/\/litoral.ufpr.br\/direcao\/wp-json\/wp\/v2\/categories?post=13836"},{"taxonomy":"post_tag","embeddable":true,"href":"https:\/\/litoral.ufpr.br\/direcao\/wp-json\/wp\/v2\/tags?post=13836"}],"curies":[{"name":"wp","href":"https:\/\/api.w.org\/{rel}","templated":true}]}}