{"id":13824,"date":"2020-09-28T16:22:00","date_gmt":"2020-09-28T19:22:00","guid":{"rendered":"https:\/\/litoral.ufpr.br\/direcao\/?p=13824"},"modified":"2020-11-20T16:23:49","modified_gmt":"2020-11-20T19:23:49","slug":"processo-de-votacao-para-escolha-dos-representantes-setoriais-cepe-mandato-2020-2022","status":"publish","type":"post","link":"https:\/\/litoral.ufpr.br\/direcao\/2020\/09\/28\/processo-de-votacao-para-escolha-dos-representantes-setoriais-cepe-mandato-2020-2022\/","title":{"rendered":"Processo de vota\u00e7\u00e3o para escolha dos representantes setoriais &#8211; CEPE mandato 2020-2022."},"content":{"rendered":"\n<p><strong>Informe\u00a0n\u00ba 50\/2020<\/strong><\/p>\n\n\n\n<p>A Comiss\u00e3o eleitoral para escolha dos representantes setoriais, titular e suplente, para o Conselho de Ensino, Pesquisa e Extens\u00e3o \u2013 CEPE, mandato 2020-2022 vem lembrar a todos(as) os(as) docentes que est\u00e1 ocorrendo o processo de vota\u00e7\u00e3o a partir de hoje 28\/09 at\u00e9 amanh\u00e3&nbsp; 29\/09 \u00e0s 18h, ininterruptamente, por meio do acesso ao sistema de vota\u00e7\u00e3o virtual&nbsp;<em>Helios E-Voting System<\/em>, cujo link de acesso para a vota\u00e7\u00e3o, assim como login e senha de cada docente, foram enviados no endere\u00e7o eletr\u00f4nico institucional.<\/p>\n","protected":false},"excerpt":{"rendered":"<p>Informe\u00a0n\u00ba 50\/2020 A Comiss\u00e3o eleitoral para escolha dos representantes setoriais, titular e suplente, para o Conselho de Ensino, Pesquisa e Extens\u00e3o \u2013 CEPE, mandato 2020-2022 vem lembrar a todos(as) os(as) docentes que est\u00e1 ocorrendo o processo de vota\u00e7\u00e3o a partir de hoje 28\/09 at\u00e9 amanh\u00e3&nbsp; 29\/09 \u00e0s 18h, ininterruptamente, por meio do acesso ao sistema [&hellip;]<\/p>\n","protected":false},"author":1578,"featured_media":0,"comment_status":"open","ping_status":"open","sticky":false,"template":"","format":"standard","meta":{"_acf_changed":false,"footnotes":""},"categories":[14],"tags":[],"class_list":["post-13824","post","type-post","status-publish","format-standard","hentry","category-informe"],"acf":[],"_links":{"self":[{"href":"https:\/\/litoral.ufpr.br\/direcao\/wp-json\/wp\/v2\/posts\/13824","targetHints":{"allow":["GET"]}}],"collection":[{"href":"https:\/\/litoral.ufpr.br\/direcao\/wp-json\/wp\/v2\/posts"}],"about":[{"href":"https:\/\/litoral.ufpr.br\/direcao\/wp-json\/wp\/v2\/types\/post"}],"author":[{"embeddable":true,"href":"https:\/\/litoral.ufpr.br\/direcao\/wp-json\/wp\/v2\/users\/1578"}],"replies":[{"embeddable":true,"href":"https:\/\/litoral.ufpr.br\/direcao\/wp-json\/wp\/v2\/comments?post=13824"}],"version-history":[{"count":1,"href":"https:\/\/litoral.ufpr.br\/direcao\/wp-json\/wp\/v2\/posts\/13824\/revisions"}],"predecessor-version":[{"id":13825,"href":"https:\/\/litoral.ufpr.br\/direcao\/wp-json\/wp\/v2\/posts\/13824\/revisions\/13825"}],"wp:attachment":[{"href":"https:\/\/litoral.ufpr.br\/direcao\/wp-json\/wp\/v2\/media?parent=13824"}],"wp:term":[{"taxonomy":"category","embeddable":true,"href":"https:\/\/litoral.ufpr.br\/direcao\/wp-json\/wp\/v2\/categories?post=13824"},{"taxonomy":"post_tag","embeddable":true,"href":"https:\/\/litoral.ufpr.br\/direcao\/wp-json\/wp\/v2\/tags?post=13824"}],"curies":[{"name":"wp","href":"https:\/\/api.w.org\/{rel}","templated":true}]}}