{"id":13819,"date":"2020-11-17T16:14:00","date_gmt":"2020-11-17T19:14:00","guid":{"rendered":"https:\/\/litoral.ufpr.br\/direcao\/?p=13819"},"modified":"2020-11-20T16:16:24","modified_gmt":"2020-11-20T19:16:24","slug":"inauguracao-do-nte-litoral","status":"publish","type":"post","link":"https:\/\/litoral.ufpr.br\/direcao\/2020\/11\/17\/inauguracao-do-nte-litoral\/","title":{"rendered":"Inaugura\u00e7\u00e3o do NTE Litoral"},"content":{"rendered":"\n<p><strong>Informe\u00a0n\u00ba 62\/2020<\/strong><br><br>O N\u00facleo de Tecnologia Educacional &#8211; NTE Litoral convida a todas e todos para o Webinar de Inaugura\u00e7\u00e3o do NTE Litoral.\u00a0<br><br>Data:\u00a024\/11 (ter\u00e7a-feira)<br>Hor\u00e1rio:\u00a018h30<br>Local:\u00a0Facebook da UFPR Litoral &#8211;\u00a0<a rel=\"noreferrer noopener\" href=\"https:\/\/pt-br.facebook.com\/UFPRLitoral\" target=\"_blank\">https:\/\/pt-br.facebook.com\/UFPRLitoral<\/a>\u00a0<br><br>O objetivo do NTE Litoral \u00e9 acolher docentes, estudantes e t\u00e9cnicos do Setor no processo de descoberta e qualifica\u00e7\u00e3o para o uso das Tecnologias Digitais da Informa\u00e7\u00e3o e Comunica\u00e7\u00e3o como ferramentas de apoio ao ensino, \u00e0 extens\u00e3o, \u00e0 pesquisa e \u00e0 gest\u00e3o. Vamos todas e todos comemorar mais esta conquista do Setor Litoral. <br><br>Participe!<\/p>\n","protected":false},"excerpt":{"rendered":"<p>Informe\u00a0n\u00ba 62\/2020 O N\u00facleo de Tecnologia Educacional &#8211; NTE Litoral convida a todas e todos para o Webinar de Inaugura\u00e7\u00e3o do NTE Litoral.\u00a0 Data:\u00a024\/11 (ter\u00e7a-feira)Hor\u00e1rio:\u00a018h30Local:\u00a0Facebook da UFPR Litoral &#8211;\u00a0https:\/\/pt-br.facebook.com\/UFPRLitoral\u00a0 O objetivo do NTE Litoral \u00e9 acolher docentes, estudantes e t\u00e9cnicos do Setor no processo de descoberta e qualifica\u00e7\u00e3o para o uso das Tecnologias Digitais da [&hellip;]<\/p>\n","protected":false},"author":1578,"featured_media":13765,"comment_status":"open","ping_status":"open","sticky":false,"template":"","format":"standard","meta":{"_acf_changed":false,"footnotes":""},"categories":[14],"tags":[],"class_list":["post-13819","post","type-post","status-publish","format-standard","has-post-thumbnail","hentry","category-informe"],"acf":[],"_links":{"self":[{"href":"https:\/\/litoral.ufpr.br\/direcao\/wp-json\/wp\/v2\/posts\/13819","targetHints":{"allow":["GET"]}}],"collection":[{"href":"https:\/\/litoral.ufpr.br\/direcao\/wp-json\/wp\/v2\/posts"}],"about":[{"href":"https:\/\/litoral.ufpr.br\/direcao\/wp-json\/wp\/v2\/types\/post"}],"author":[{"embeddable":true,"href":"https:\/\/litoral.ufpr.br\/direcao\/wp-json\/wp\/v2\/users\/1578"}],"replies":[{"embeddable":true,"href":"https:\/\/litoral.ufpr.br\/direcao\/wp-json\/wp\/v2\/comments?post=13819"}],"version-history":[{"count":1,"href":"https:\/\/litoral.ufpr.br\/direcao\/wp-json\/wp\/v2\/posts\/13819\/revisions"}],"predecessor-version":[{"id":13820,"href":"https:\/\/litoral.ufpr.br\/direcao\/wp-json\/wp\/v2\/posts\/13819\/revisions\/13820"}],"wp:featuredmedia":[{"embeddable":true,"href":"https:\/\/litoral.ufpr.br\/direcao\/wp-json\/wp\/v2\/media\/13765"}],"wp:attachment":[{"href":"https:\/\/litoral.ufpr.br\/direcao\/wp-json\/wp\/v2\/media?parent=13819"}],"wp:term":[{"taxonomy":"category","embeddable":true,"href":"https:\/\/litoral.ufpr.br\/direcao\/wp-json\/wp\/v2\/categories?post=13819"},{"taxonomy":"post_tag","embeddable":true,"href":"https:\/\/litoral.ufpr.br\/direcao\/wp-json\/wp\/v2\/tags?post=13819"}],"curies":[{"name":"wp","href":"https:\/\/api.w.org\/{rel}","templated":true}]}}