{"id":13808,"date":"2020-09-29T21:17:11","date_gmt":"2020-09-30T00:17:11","guid":{"rendered":"https:\/\/litoral.ufpr.br\/direcao\/?p=13808"},"modified":"2020-11-05T21:21:24","modified_gmt":"2020-11-06T00:21:24","slug":"resultado-consulta-publica-representantes-setoriais-cepe-ufpr-mandato-2020-2022","status":"publish","type":"post","link":"https:\/\/litoral.ufpr.br\/direcao\/2020\/09\/29\/resultado-consulta-publica-representantes-setoriais-cepe-ufpr-mandato-2020-2022\/","title":{"rendered":"Resultado consulta p\u00fablica &#8211; Representantes setoriais CEPE\/UFPR, mandato 2020-2022"},"content":{"rendered":"\n<p><strong>Informe&nbsp;n\u00ba 51\/2020<\/strong><\/p>\n\n\n\n<p>A Comiss\u00e3o Eleitoral para escolha dos representantes setoriais, titular e suplente, para o Conselho de Ensino, Pesquisa e Extens\u00e3o \u2013 CEPE\/UFPR, mandato 2020-2022, no uso de suas atribui\u00e7\u00f5es, conforme disp\u00f5e o Edital 03\/2020, torna p\u00fablico o resultado da elei\u00e7\u00e3o, por meio do <a href=\"https:\/\/litoral.ufpr.br\/direcao\/wp-content\/uploads\/sites\/22\/2020\/11\/Edital-5-Homologa\u00e7\u00e3o-resultado-e-dissolu\u00e7\u00e3o-comiss\u00e3o.pdf\">Edital 05\/2020<\/a>.<\/p>\n","protected":false},"excerpt":{"rendered":"<p>Informe&nbsp;n\u00ba 51\/2020 A Comiss\u00e3o Eleitoral para escolha dos representantes setoriais, titular e suplente, para o Conselho de Ensino, Pesquisa e Extens\u00e3o \u2013 CEPE\/UFPR, mandato 2020-2022, no uso de suas atribui\u00e7\u00f5es, conforme disp\u00f5e o Edital 03\/2020, torna p\u00fablico o resultado da elei\u00e7\u00e3o, por meio do Edital 05\/2020.<\/p>\n","protected":false},"author":1578,"featured_media":0,"comment_status":"open","ping_status":"open","sticky":false,"template":"","format":"standard","meta":{"_acf_changed":false,"footnotes":""},"categories":[14],"tags":[],"class_list":["post-13808","post","type-post","status-publish","format-standard","hentry","category-informe"],"acf":[],"_links":{"self":[{"href":"https:\/\/litoral.ufpr.br\/direcao\/wp-json\/wp\/v2\/posts\/13808","targetHints":{"allow":["GET"]}}],"collection":[{"href":"https:\/\/litoral.ufpr.br\/direcao\/wp-json\/wp\/v2\/posts"}],"about":[{"href":"https:\/\/litoral.ufpr.br\/direcao\/wp-json\/wp\/v2\/types\/post"}],"author":[{"embeddable":true,"href":"https:\/\/litoral.ufpr.br\/direcao\/wp-json\/wp\/v2\/users\/1578"}],"replies":[{"embeddable":true,"href":"https:\/\/litoral.ufpr.br\/direcao\/wp-json\/wp\/v2\/comments?post=13808"}],"version-history":[{"count":2,"href":"https:\/\/litoral.ufpr.br\/direcao\/wp-json\/wp\/v2\/posts\/13808\/revisions"}],"predecessor-version":[{"id":13811,"href":"https:\/\/litoral.ufpr.br\/direcao\/wp-json\/wp\/v2\/posts\/13808\/revisions\/13811"}],"wp:attachment":[{"href":"https:\/\/litoral.ufpr.br\/direcao\/wp-json\/wp\/v2\/media?parent=13808"}],"wp:term":[{"taxonomy":"category","embeddable":true,"href":"https:\/\/litoral.ufpr.br\/direcao\/wp-json\/wp\/v2\/categories?post=13808"},{"taxonomy":"post_tag","embeddable":true,"href":"https:\/\/litoral.ufpr.br\/direcao\/wp-json\/wp\/v2\/tags?post=13808"}],"curies":[{"name":"wp","href":"https:\/\/api.w.org\/{rel}","templated":true}]}}