{"id":13723,"date":"2020-10-06T10:37:52","date_gmt":"2020-10-06T13:37:52","guid":{"rendered":"https:\/\/litoral.ufpr.br\/direcao\/?p=13723"},"modified":"2020-10-06T11:30:40","modified_gmt":"2020-10-06T14:30:40","slug":"informe-no-52-2020","status":"publish","type":"post","link":"https:\/\/litoral.ufpr.br\/direcao\/2020\/10\/06\/informe-no-52-2020\/","title":{"rendered":"Reuni\u00e3o Ordin\u00e1ria do Conselho do Setor Litoral da UFPR"},"content":{"rendered":"\n<p><strong>Informe n\u00ba 52\/2020<\/strong><br><strong>Assunto:<\/strong><br>Reuni\u00e3o Ordin\u00e1ria do Conselho do Setor Litoral da UFPR.<br>Data: 07\/10\/2020.<br>Hor\u00e1rio: 14 horas.<br><strong>Local:\u00a0<\/strong><a rel=\"noreferrer noopener\" href=\"https:\/\/teams.microsoft.com\/l\/meetup-join\/19%3ameeting_MTI0ZWFjNzEtMjFjNC00ZmJhLTlhN2YtZTg3NzA3MjhhNjJj%40thread.v2\/0?context=%7b%22Tid%22%3a%22c37b37a3-e9e2-42f9-bc67-4b9b738e1df0%22%2c%22Oid%22%3a%228f4845af-d430-4c3b-9171-83aa099a9624%22%7d\" target=\"_blank\">Microsoft Teams<\/a><\/p>\n\n\n\n<p>Informes.<\/p>\n\n\n\n<p><strong>Ordem\ndo Dia:<\/strong><\/p>\n\n\n\n<p><strong>1) Processo n\u00ba 23075.041030\/2020-50.<\/strong><br>Assunto: Solicita\u00e7\u00e3o de Licen\u00e7a para Capacita\u00e7\u00e3o no pa\u00eds para conclus\u00e3o de est\u00e1gio de p\u00f3s-doutorado, no Programa de P\u00f3s-Gradua\u00e7\u00e3o em Arquitetura e Urbanismo da Universidade Federal de Santa Catarina, no per\u00edodo de 17\/02\/2021 a 17\/05\/2021.<br>Interessada: Silvana Marta Tumelero.<br>Relatora: Conselheira Daniela Resende Archanjo.<\/p>\n\n\n\n<p><strong>2) Processo n\u00ba&nbsp;23075.042607\/2020-41.<\/strong><br>Assunto: Homologa\u00e7\u00e3o do resultado da 1\u00aa Etapa da Avalia\u00e7\u00e3o de Desempenho em Est\u00e1gio Probat\u00f3rio.<br>Interessada: Tain\u00e1 Ribas Melo.<br>Relatora: Conselheira Helena Midori Kashiwagi,<\/p>\n\n\n\n<p><strong>3) Processo n\u00ba 23075.036011\/2020-10.<\/strong><br>Assunto: Homologa\u00e7\u00e3o da delibera\u00e7\u00e3o&nbsp;<em>ad referendum n\u00ba 47\/2020-SL\/UAACS<\/em>&nbsp;referente \u00e0 aprova\u00e7\u00e3o do resultado da 1\u00aa Etapa da Avalia\u00e7\u00e3o de Desempenho em Est\u00e1gio Probat\u00f3rio.<br>Interessada: Viviane Camejo Pereira.<\/p>\n\n\n\n<p><strong>4) Processo n\u00ba 23075.037143\/2020-51.<\/strong><br>Assunto: Homologa\u00e7\u00e3o da delibera\u00e7\u00e3o&nbsp;<em>ad referendum n\u00ba 48\/2020-SL\/UAACS<\/em>&nbsp;referente \u00e0 aprova\u00e7\u00e3o do resultado da 3\u00aa Etapa da Avalia\u00e7\u00e3o de Desempenho em Est\u00e1gio Probat\u00f3rio.<br>Interessado: Evaldo Jos\u00e9 Ferreira Ribeiro J\u00fanior.<\/p>\n\n\n\n<p><strong>5) Processo n\u00ba&nbsp;23075.037165\/2020-11.<\/strong><br>Assunto: Homologa\u00e7\u00e3o da delibera\u00e7\u00e3o&nbsp;<em>ad referendum n\u00ba 53\/2020-SL\/UAACS<\/em>&nbsp;referente \u00e0 aprova\u00e7\u00e3o do resultado da 3\u00aa Etapa da Avalia\u00e7\u00e3o de Desempenho em Est\u00e1gio Probat\u00f3rio.<br>Interessada: Giselly Brasil.<\/p>\n\n\n\n<p><strong>6) Processo n\u00ba 23075.048675\/2020-13.<\/strong><br>Assunto: Homologa\u00e7\u00e3o da delibera\u00e7\u00e3o&nbsp;<em>ad referendum n\u00ba 49\/2020-SL\/UAACS<\/em>&nbsp;que aprovou&nbsp;\u00e0s a\u00e7\u00f5es extensionistas, intituladas&nbsp;\u201cEvento de extens\u00e3o I WEBIN\u00c1RIO NADA SOBRE N\u00d3S SEM N\u00d3S, IV SEMIN\u00c1RIO SOBRE INCLUS\u00c3O, ACESSIBILIDADE E DIVERSIDADE DAS PESSOAS COM DEFICI\u00caNCIA e III TERT\u00daLIA NADA SOBRE N\u00d3S SEM N\u00d3S\u201d.<br>Interessada: Franc\u00e9li Brizolla.<\/p>\n\n\n\n<p><strong>7) Processo n\u00ba 23075.048561\/2020-73.<\/strong><br>Assunto: Homologa\u00e7\u00e3o da delibera\u00e7\u00e3o&nbsp;<em>ad referendum n\u00ba 50\/2020-SL\/UAACS<\/em>&nbsp;que aprovou a a\u00e7\u00e3o extensionista, intitulada&nbsp;<strong>\u201cCurso de extens\u00e3o: Escrita acad\u00eamica em Sa\u00fade Coletiva\u201d.<\/strong><br>Interessada: Tain\u00e1 Ribas Melo.<\/p>\n\n\n\n<p><strong>8)\nProcesso n\u00ba 23075.048563\/2020-62.<\/strong><\/p>\n\n\n\n<p>Assunto:\nHomologa\u00e7\u00e3o da delibera\u00e7\u00e3o&nbsp;<em>ad referendum n\u00ba 51\/2020-SL\/UAACS<\/em>&nbsp;que\naprovou a a\u00e7\u00e3o extensionista, intitulada&nbsp;<strong>\u201cProjeto de Extens\u00e3o Mem\u00f3rias\ndo Reino de Ayr\u00e1\u201d<\/strong>.<\/p>\n\n\n\n<p>Interessada:\nAna Josefina Ferrari.<\/p>\n\n\n\n<p><strong>9)\nProcesso n\u00ba 23075.048550\/2020-93.<\/strong><\/p>\n\n\n\n<p>Assunto:\nHomologa\u00e7\u00e3o da delibera\u00e7\u00e3o&nbsp;<em>ad referendum n\u00ba 52\/2020-SL\/UAACS<\/em>&nbsp;que\naprovou as a\u00e7\u00f5es extensionistas, intitulada&nbsp;<strong>Evento de Extens\u00e3o VI\nSimp\u00f3sio O Xadrez Como Inclus\u00e3o Escolar<\/strong>&nbsp;e os cursos vinculados ao\nevento, detalhados no processo.<\/p>\n\n\n\n<p>Interessado:\nEmerson Joucoski.<\/p>\n","protected":false},"excerpt":{"rendered":"<p>Informe n\u00ba 52\/2020Assunto:Reuni\u00e3o Ordin\u00e1ria do Conselho do Setor Litoral da UFPR.Data: 07\/10\/2020.Hor\u00e1rio: 14 horas.Local:\u00a0Microsoft Teams Informes. Ordem do Dia: 1) Processo n\u00ba 23075.041030\/2020-50.Assunto: Solicita\u00e7\u00e3o de Licen\u00e7a para Capacita\u00e7\u00e3o no pa\u00eds para conclus\u00e3o de est\u00e1gio de p\u00f3s-doutorado, no Programa de P\u00f3s-Gradua\u00e7\u00e3o em Arquitetura e Urbanismo da Universidade Federal de Santa Catarina, no per\u00edodo de 17\/02\/2021 a [&hellip;]<\/p>\n","protected":false},"author":1578,"featured_media":13717,"comment_status":"open","ping_status":"open","sticky":false,"template":"","format":"standard","meta":{"_acf_changed":false,"footnotes":""},"categories":[14],"tags":[],"class_list":["post-13723","post","type-post","status-publish","format-standard","has-post-thumbnail","hentry","category-informe"],"acf":[],"_links":{"self":[{"href":"https:\/\/litoral.ufpr.br\/direcao\/wp-json\/wp\/v2\/posts\/13723","targetHints":{"allow":["GET"]}}],"collection":[{"href":"https:\/\/litoral.ufpr.br\/direcao\/wp-json\/wp\/v2\/posts"}],"about":[{"href":"https:\/\/litoral.ufpr.br\/direcao\/wp-json\/wp\/v2\/types\/post"}],"author":[{"embeddable":true,"href":"https:\/\/litoral.ufpr.br\/direcao\/wp-json\/wp\/v2\/users\/1578"}],"replies":[{"embeddable":true,"href":"https:\/\/litoral.ufpr.br\/direcao\/wp-json\/wp\/v2\/comments?post=13723"}],"version-history":[{"count":2,"href":"https:\/\/litoral.ufpr.br\/direcao\/wp-json\/wp\/v2\/posts\/13723\/revisions"}],"predecessor-version":[{"id":13734,"href":"https:\/\/litoral.ufpr.br\/direcao\/wp-json\/wp\/v2\/posts\/13723\/revisions\/13734"}],"wp:featuredmedia":[{"embeddable":true,"href":"https:\/\/litoral.ufpr.br\/direcao\/wp-json\/wp\/v2\/media\/13717"}],"wp:attachment":[{"href":"https:\/\/litoral.ufpr.br\/direcao\/wp-json\/wp\/v2\/media?parent=13723"}],"wp:term":[{"taxonomy":"category","embeddable":true,"href":"https:\/\/litoral.ufpr.br\/direcao\/wp-json\/wp\/v2\/categories?post=13723"},{"taxonomy":"post_tag","embeddable":true,"href":"https:\/\/litoral.ufpr.br\/direcao\/wp-json\/wp\/v2\/tags?post=13723"}],"curies":[{"name":"wp","href":"https:\/\/api.w.org\/{rel}","templated":true}]}}