{"id":483,"date":"2020-06-01T10:00:58","date_gmt":"2020-06-01T13:00:58","guid":{"rendered":"https:\/\/litoral.ufpr.br\/ciencias\/?p=483"},"modified":"2020-06-02T20:30:07","modified_gmt":"2020-06-02T23:30:07","slug":"rodas-de-debates-do-curso-de-licenciatura-em-ciencias","status":"publish","type":"post","link":"https:\/\/litoral.ufpr.br\/ciencias\/2020\/06\/01\/rodas-de-debates-do-curso-de-licenciatura-em-ciencias\/","title":{"rendered":"Rodas de Debates do Curso de Licenciatura em Ci\u00eancias"},"content":{"rendered":"\n<p><\/p>\n\n\n\n<p>ATIVIDADES \u2018REMOTAS\u2019: POTENCIALIDADES E DESAFIOS<\/p>\n\n\n\n<p>Em rela\u00e7\u00e3o a efetividade das Atividades Remotas ou mesmo Educa\u00e7\u00e3o a Dist\u00e2ncia (EaD), o debate pedag\u00f3gico certamente \u00e9 uma das arenas mais justas para defender as potencialidades e as proposi\u00e7\u00f5es de supera\u00e7\u00e3o dos desafios de qualquer modalidade educacional. <br>\nMas, para al\u00e9m de profissionais bem intencionados e os encantados com as tecnologias \u00e9 preciso pautar o real sentido da propaga\u00e7\u00e3o e viabiliza\u00e7\u00e3o dos processos de Ensino Remoto ou a Dist\u00e2ncia. <br>\nH\u00e1 uma distin\u00e7\u00e3o entre instruir e educar que parece fundamental para evidenciar os limites das atividades n\u00e3o presenciais, pois tamb\u00e9m nos auxilia a compreender as rela\u00e7\u00f5es entre os significados sociais dos conhecimentos e o sentido que os conhecimentos adquirem para a pessoa em cada realidade.<br>\nNesse sentido, o Curso de Licenciatura em Ci\u00eancias convida toda a comunidade acad\u00eamica da UFPR Litoral e demais interessados para participarem da Roda de Debates: Atividades \u2018Remotas\u2019: Potencialidades e Desafios, que ser\u00e1 realizado no dia 08 de Junho de 2020, as 19:30hrs sob media\u00e7\u00e3o do Prof. Valentim.<br>\nSer\u00e1 disponibilizado o Debate nas plataformas, Webconferencia RNP e p\u00e1ginas do curso no Youtube e Facebook.<\/p>\n\n\n\n<p>Endere\u00e7o: https:\/\/conferenciaweb.rnp.br\/events\/atividades-remotas-potencialidades-e-desafios<\/p>\n\n\n\n<p>Sejam todos bem vindos, pois os processos educativos tamb\u00e9m n\u00e3o podem parar.<\/p>\n\n\n\n<figure class=\"wp-block-image size-large\"><img loading=\"lazy\" decoding=\"async\" width=\"1024\" height=\"768\" src=\"https:\/\/litoral.ufpr.br\/ciencias\/wp-content\/uploads\/sites\/9\/2020\/06\/ativremval-1024x768.jpeg\" alt=\"\" class=\"wp-image-496\" srcset=\"https:\/\/litoral.ufpr.br\/ciencias\/wp-content\/uploads\/sites\/9\/2020\/06\/ativremval-1024x768.jpeg 1024w, https:\/\/litoral.ufpr.br\/ciencias\/wp-content\/uploads\/sites\/9\/2020\/06\/ativremval-300x225.jpeg 300w, https:\/\/litoral.ufpr.br\/ciencias\/wp-content\/uploads\/sites\/9\/2020\/06\/ativremval-768x576.jpeg 768w, https:\/\/litoral.ufpr.br\/ciencias\/wp-content\/uploads\/sites\/9\/2020\/06\/ativremval.jpeg 1280w\" sizes=\"auto, (max-width: 1024px) 100vw, 1024px\" \/><\/figure>\n","protected":false},"excerpt":{"rendered":"<p>ATIVIDADES \u2018REMOTAS\u2019: POTENCIALIDADES E DESAFIOS Em rela\u00e7\u00e3o a efetividade das Atividades Remotas ou mesmo Educa\u00e7\u00e3o a Dist\u00e2ncia (EaD), o debate pedag\u00f3gico certamente \u00e9 uma das arenas mais justas para defender as potencialidades e as proposi\u00e7\u00f5es de supera\u00e7\u00e3o dos desafios de qualquer modalidade educacional. Mas, para al\u00e9m de profissionais bem intencionados e os encantados com as [&hellip;]<\/p>\n","protected":false},"author":3,"featured_media":490,"comment_status":"open","ping_status":"open","sticky":false,"template":"","format":"standard","meta":{"_acf_changed":false,"footnotes":""},"categories":[13],"tags":[],"class_list":["post-483","post","type-post","status-publish","format-standard","has-post-thumbnail","hentry","category-informativo"],"acf":[],"_links":{"self":[{"href":"https:\/\/litoral.ufpr.br\/ciencias\/wp-json\/wp\/v2\/posts\/483","targetHints":{"allow":["GET"]}}],"collection":[{"href":"https:\/\/litoral.ufpr.br\/ciencias\/wp-json\/wp\/v2\/posts"}],"about":[{"href":"https:\/\/litoral.ufpr.br\/ciencias\/wp-json\/wp\/v2\/types\/post"}],"author":[{"embeddable":true,"href":"https:\/\/litoral.ufpr.br\/ciencias\/wp-json\/wp\/v2\/users\/3"}],"replies":[{"embeddable":true,"href":"https:\/\/litoral.ufpr.br\/ciencias\/wp-json\/wp\/v2\/comments?post=483"}],"version-history":[{"count":6,"href":"https:\/\/litoral.ufpr.br\/ciencias\/wp-json\/wp\/v2\/posts\/483\/revisions"}],"predecessor-version":[{"id":498,"href":"https:\/\/litoral.ufpr.br\/ciencias\/wp-json\/wp\/v2\/posts\/483\/revisions\/498"}],"wp:featuredmedia":[{"embeddable":true,"href":"https:\/\/litoral.ufpr.br\/ciencias\/wp-json\/wp\/v2\/media\/490"}],"wp:attachment":[{"href":"https:\/\/litoral.ufpr.br\/ciencias\/wp-json\/wp\/v2\/media?parent=483"}],"wp:term":[{"taxonomy":"category","embeddable":true,"href":"https:\/\/litoral.ufpr.br\/ciencias\/wp-json\/wp\/v2\/categories?post=483"},{"taxonomy":"post_tag","embeddable":true,"href":"https:\/\/litoral.ufpr.br\/ciencias\/wp-json\/wp\/v2\/tags?post=483"}],"curies":[{"name":"wp","href":"https:\/\/api.w.org\/{rel}","templated":true}]}}