{"id":727,"date":"2019-09-12T14:40:21","date_gmt":"2019-09-12T17:40:21","guid":{"rendered":"https:\/\/litoral.ufpr.br\/ambientais\/?p=727"},"modified":"2022-01-24T10:41:20","modified_gmt":"2022-01-24T13:41:20","slug":"edital-de-divulgacao-do-resultado-da-selecao-de-bolsista-tutor-2019","status":"publish","type":"post","link":"https:\/\/litoral.ufpr.br\/ambientais\/2019\/09\/12\/edital-de-divulgacao-do-resultado-da-selecao-de-bolsista-tutor-2019\/","title":{"rendered":"EDITAL DE DIVULGA\u00c7\u00c3O DO RESULTADO DA SELE\u00c7\u00c3O DE BOLSISTA TUTOR 2019"},"content":{"rendered":"<p><!--StartFragment--><\/p>\n\n\n<p>\nA\ncoordena\u00e7\u00e3o do curso de Gest\u00e3o Ambiental divulga o resultado das\ninscri\u00e7\u00f5es deferidas para a Sele\u00e7\u00e3o de Bolsista Tutor, por\ninterm\u00e9dio da Superintend\u00eancia de Inclus\u00e3o, Pol\u00edticas Afirmativas\ne Diversidade &#8211; SIPAD\/CID\/\nN\u00facleo de Apoio \u00e0s Pessoas com Necessidades Especiais \u2013 NAPNE<\/p>\n\n\n\n<table class=\"wp-block-table\"><tbody><tr><td>\n\t\t\tINSCRI\u00c7\u00c3O\n\t\t<\/td><td>\n\t\t\tMATR\u00cdCULA\n\t\t<\/td><td>\n\t\t\tNOME\n\t\t<\/td><\/tr><tr><td>\n\t\t\t01\n\t\t<\/td><td>\n\t\t\tGRR20162279\n\t\t<\/td><td>\n\t\t\tJosu\u00e9\n\t\t\tda Silva Bitencorti\n\t\t<\/td><\/tr><\/tbody><\/table>\n\n\n\n<p style=\"text-align:right\"><strong>Matinhos 09 de setembro de 2019.<\/strong><\/p>\n\n\n<p><!--EndFragment--><\/p>\n\n\n<p><strong> <\/strong> <\/p>\n\n\n\n<p><\/p>\n","protected":false},"excerpt":{"rendered":"<p>Resultado &#8211; Bolsista Tutor 2019<\/p>\n","protected":false},"author":12,"featured_media":0,"comment_status":"closed","ping_status":"closed","sticky":false,"template":"","format":"standard","meta":{"_acf_changed":false,"footnotes":""},"categories":[13],"tags":[],"class_list":["post-727","post","type-post","status-publish","format-standard","hentry","category-informativo"],"acf":[],"_links":{"self":[{"href":"https:\/\/litoral.ufpr.br\/ambientais\/wp-json\/wp\/v2\/posts\/727","targetHints":{"allow":["GET"]}}],"collection":[{"href":"https:\/\/litoral.ufpr.br\/ambientais\/wp-json\/wp\/v2\/posts"}],"about":[{"href":"https:\/\/litoral.ufpr.br\/ambientais\/wp-json\/wp\/v2\/types\/post"}],"author":[{"embeddable":true,"href":"https:\/\/litoral.ufpr.br\/ambientais\/wp-json\/wp\/v2\/users\/12"}],"replies":[{"embeddable":true,"href":"https:\/\/litoral.ufpr.br\/ambientais\/wp-json\/wp\/v2\/comments?post=727"}],"version-history":[{"count":3,"href":"https:\/\/litoral.ufpr.br\/ambientais\/wp-json\/wp\/v2\/posts\/727\/revisions"}],"predecessor-version":[{"id":730,"href":"https:\/\/litoral.ufpr.br\/ambientais\/wp-json\/wp\/v2\/posts\/727\/revisions\/730"}],"wp:attachment":[{"href":"https:\/\/litoral.ufpr.br\/ambientais\/wp-json\/wp\/v2\/media?parent=727"}],"wp:term":[{"taxonomy":"category","embeddable":true,"href":"https:\/\/litoral.ufpr.br\/ambientais\/wp-json\/wp\/v2\/categories?post=727"},{"taxonomy":"post_tag","embeddable":true,"href":"https:\/\/litoral.ufpr.br\/ambientais\/wp-json\/wp\/v2\/tags?post=727"}],"curies":[{"name":"wp","href":"https:\/\/api.w.org\/{rel}","templated":true}]}}