{"id":1782,"date":"2022-01-28T10:04:01","date_gmt":"2022-01-28T13:04:01","guid":{"rendered":"https:\/\/litoral.ufpr.br\/ambientais\/?p=1782"},"modified":"2022-06-03T10:45:26","modified_gmt":"2022-06-03T13:45:26","slug":"periodo-de-ajuste-de-matriculas-31-01-a-04-02","status":"publish","type":"post","link":"https:\/\/litoral.ufpr.br\/ambientais\/2022\/01\/28\/periodo-de-ajuste-de-matriculas-31-01-a-04-02\/","title":{"rendered":"Per\u00edodo de Ajuste de Matr\u00edculas 31\/01 a 04\/02"},"content":{"rendered":"\n<p>Os estudantes poder\u00e3o solicitar a corre\u00e7\u00e3o de matr\u00edcula atrav\u00e9s do formul\u00e1rio: <a href=\"https:\/\/forms.gle\/NNESvybwy6yHQ854A\" data-type=\"URL\" data-id=\"https:\/\/forms.gle\/NNESvybwy6yHQ854A\">Atendimento &#8211; Assessoria GA e CA<\/a>.<\/p>\n\n\n\n<figure class=\"wp-block-image size-full\"><a href=\"https:\/\/forms.gle\/NNESvybwy6yHQ854A\"><img loading=\"lazy\" decoding=\"async\" width=\"489\" height=\"619\" src=\"https:\/\/litoral.ufpr.br\/ambientais\/wp-content\/uploads\/sites\/12\/2022\/01\/Formulario.png\" alt=\"\" class=\"wp-image-1783\" srcset=\"https:\/\/litoral.ufpr.br\/ambientais\/wp-content\/uploads\/sites\/12\/2022\/01\/Formulario.png 489w, https:\/\/litoral.ufpr.br\/ambientais\/wp-content\/uploads\/sites\/12\/2022\/01\/Formulario-237x300.png 237w\" sizes=\"auto, (max-width: 489px) 100vw, 489px\" \/><\/a><\/figure>\n\n\n\n<hr class=\"wp-block-separator\" \/>\n\n\n\n<hr class=\"wp-block-separator\" \/>\n\n\n\n<p><\/p>\n","protected":false},"excerpt":{"rendered":"<p>Os estudantes poder\u00e3o solicitar a corre\u00e7\u00e3o de matr\u00edcula atrav\u00e9s do formul\u00e1rio: Atendimento &#8211; Assessoria GA e CA.<\/p>\n","protected":false},"author":1610,"featured_media":1783,"comment_status":"closed","ping_status":"closed","sticky":false,"template":"","format":"standard","meta":{"_acf_changed":false,"footnotes":""},"categories":[13,23,1],"tags":[],"class_list":["post-1782","post","type-post","status-publish","format-standard","has-post-thumbnail","hentry","category-informativo","category-matricula","category-sem-categoria"],"acf":[],"_links":{"self":[{"href":"https:\/\/litoral.ufpr.br\/ambientais\/wp-json\/wp\/v2\/posts\/1782","targetHints":{"allow":["GET"]}}],"collection":[{"href":"https:\/\/litoral.ufpr.br\/ambientais\/wp-json\/wp\/v2\/posts"}],"about":[{"href":"https:\/\/litoral.ufpr.br\/ambientais\/wp-json\/wp\/v2\/types\/post"}],"author":[{"embeddable":true,"href":"https:\/\/litoral.ufpr.br\/ambientais\/wp-json\/wp\/v2\/users\/1610"}],"replies":[{"embeddable":true,"href":"https:\/\/litoral.ufpr.br\/ambientais\/wp-json\/wp\/v2\/comments?post=1782"}],"version-history":[{"count":3,"href":"https:\/\/litoral.ufpr.br\/ambientais\/wp-json\/wp\/v2\/posts\/1782\/revisions"}],"predecessor-version":[{"id":2075,"href":"https:\/\/litoral.ufpr.br\/ambientais\/wp-json\/wp\/v2\/posts\/1782\/revisions\/2075"}],"wp:featuredmedia":[{"embeddable":true,"href":"https:\/\/litoral.ufpr.br\/ambientais\/wp-json\/wp\/v2\/media\/1783"}],"wp:attachment":[{"href":"https:\/\/litoral.ufpr.br\/ambientais\/wp-json\/wp\/v2\/media?parent=1782"}],"wp:term":[{"taxonomy":"category","embeddable":true,"href":"https:\/\/litoral.ufpr.br\/ambientais\/wp-json\/wp\/v2\/categories?post=1782"},{"taxonomy":"post_tag","embeddable":true,"href":"https:\/\/litoral.ufpr.br\/ambientais\/wp-json\/wp\/v2\/tags?post=1782"}],"curies":[{"name":"wp","href":"https:\/\/api.w.org\/{rel}","templated":true}]}}