{"id":865,"date":"2020-05-29T15:11:51","date_gmt":"2020-05-29T18:11:51","guid":{"rendered":"https:\/\/litoral.ufpr.br\/agroecologia\/?p=865"},"modified":"2020-07-23T19:42:28","modified_gmt":"2020-07-23T22:42:28","slug":"editais-de-selecao-discente","status":"publish","type":"post","link":"https:\/\/litoral.ufpr.br\/agroecologia\/2020\/05\/29\/editais-de-selecao-discente\/","title":{"rendered":"EDITAIS DE SELE\u00c7\u00c3O DISCENTE"},"content":{"rendered":"\n<div class=\"wp-block-file\"><a href=\"https:\/\/litoral.ufpr.br\/agroecologia\/wp-content\/uploads\/sites\/7\/2020\/07\/Edital-selecao-bolsistas-2020-novas-bolsas.pdf\">Edital-selecao-bolsistas-2020-novas-bolsas 22.07.2020 &#8211; Bica<\/a><a href=\"https:\/\/litoral.ufpr.br\/agroecologia\/wp-content\/uploads\/sites\/7\/2020\/07\/Edital-selecao-bolsistas-2020-novas-bolsas.pdf\" class=\"wp-block-file__button\" download>Baixar<\/a><\/div>\n\n\n\n<div class=\"wp-block-file\"><a href=\"https:\/\/litoral.ufpr.br\/agroecologia\/wp-content\/uploads\/sites\/7\/2020\/05\/EDITAL-Agroecologia-nas-escolas-p\u00fablicas-educa\u00e7\u00e3o-ambiental-e-resgate-de.pdf\" target=\"_blank\" rel=\"noreferrer noopener\">EDITAL-Agroecologia-nas-escolas-p\u00fablicas-educa\u00e7\u00e3o-ambiental-e-resgate-de saberes populares &#8211; Bica<br>(inscri\u00e7\u00e3o por e-mail) <\/a><a href=\"https:\/\/litoral.ufpr.br\/agroecologia\/wp-content\/uploads\/sites\/7\/2020\/05\/EDITAL-Agroecologia-nas-escolas-p\u00fablicas-educa\u00e7\u00e3o-ambiental-e-resgate-de.pdf\" class=\"wp-block-file__button\" download>Baixar<\/a><\/div>\n\n\n\n<div class=\"wp-block-file\"><a href=\"https:\/\/litoral.ufpr.br\/agroecologia\/wp-content\/uploads\/sites\/7\/2020\/05\/PROJETO-Coordenadoria-de-Extens\u00e3o-da-UFPR-COEX-espa\u00e7o-dial\u00f3gico-de-saberes-forma\u00e7\u00e3o-e-integra\u00e7\u00e3o-de-experi\u00eancias-extensionistas-2.pdf\">EDITAL-Coordenadoria-de-Extens\u00e3o-da-UFPR-COEX-espa\u00e7o-dial\u00f3gico-de-saberes-forma\u00e7\u00e3o-e-integra\u00e7\u00e3o-de-experi\u00eancias-extensionistas &#8211; Diomar<\/a><a href=\"https:\/\/litoral.ufpr.br\/agroecologia\/wp-content\/uploads\/sites\/7\/2020\/05\/PROJETO-Coordenadoria-de-Extens\u00e3o-da-UFPR-COEX-espa\u00e7o-dial\u00f3gico-de-saberes-forma\u00e7\u00e3o-e-integra\u00e7\u00e3o-de-experi\u00eancias-extensionistas-2.pdf\" class=\"wp-block-file__button\" download>Baixar<\/a><\/div>\n\n\n\n<div class=\"wp-block-file\"><a href=\"https:\/\/litoral.ufpr.br\/agroecologia\/wp-content\/uploads\/sites\/7\/2020\/05\/EDITIAL-Coordenadoria-de-Extens\u00e3o-da-UFPR-espa\u00e7o-dial\u00f3gico-de-saberes-forma\u00e7\u00e3o-e-integra\u00e7\u00e3o-de-experi\u00eancias-extensionistas.pdf\">EDITIAL-Coordenadoria-de-Extens\u00e3o-da-UFPR-espa\u00e7o-dial\u00f3gico-de-saberes-forma\u00e7\u00e3o-e-integra\u00e7\u00e3o-de-experi\u00eancias-extensionistas &#8211; Luiz Rog\u00e9rio e Luciane<\/a><a href=\"https:\/\/litoral.ufpr.br\/agroecologia\/wp-content\/uploads\/sites\/7\/2020\/05\/EDITIAL-Coordenadoria-de-Extens\u00e3o-da-UFPR-espa\u00e7o-dial\u00f3gico-de-saberes-forma\u00e7\u00e3o-e-integra\u00e7\u00e3o-de-experi\u00eancias-extensionistas.pdf\" class=\"wp-block-file__button\" download>Baixar<\/a><\/div>\n\n\n\n<div class=\"wp-block-file\"><a href=\"https:\/\/litoral.ufpr.br\/agroecologia\/wp-content\/uploads\/sites\/7\/2020\/05\/Formulario-Inscricao-Bolsa-de-Extensao.docx\">Formulario-Inscricao-Bolsa-de-Extensao &#8211; Luiz Rog\u00e9rio e Luciane<\/a><a href=\"https:\/\/litoral.ufpr.br\/agroecologia\/wp-content\/uploads\/sites\/7\/2020\/05\/Formulario-Inscricao-Bolsa-de-Extensao.docx\" class=\"wp-block-file__button\" download>Baixar<\/a><\/div>\n\n\n\n<div class=\"wp-block-file\"><a href=\"https:\/\/litoral.ufpr.br\/agroecologia\/wp-content\/uploads\/sites\/7\/2020\/05\/Formul\u00e1rio-Inscri\u00e7\u00e3o-Bolsa-de-Extens\u00e3o-Fortalecimento-AF-Diomar.docx\">Formul\u00e1rio-Inscri\u00e7\u00e3o-Bolsa-de-Extens\u00e3o-Fortalecimento-AF-Diomar<\/a><a href=\"https:\/\/litoral.ufpr.br\/agroecologia\/wp-content\/uploads\/sites\/7\/2020\/05\/Formul\u00e1rio-Inscri\u00e7\u00e3o-Bolsa-de-Extens\u00e3o-Fortalecimento-AF-Diomar.docx\" class=\"wp-block-file__button\" download>Baixar<\/a><\/div>\n\n\n\n<div class=\"wp-block-file\"><a href=\"https:\/\/litoral.ufpr.br\/agroecologia\/wp-content\/uploads\/sites\/7\/2020\/05\/EDITAL-TECENDO-SABERES-SOCIOAMBIENTAIS-COM-EDUCADORAS-DO-CAMPO-DAS-ILHAS-DAS-CIDADES-E-DAS-FLORESTAS-PAULO.pdf\">EDITAL-TECENDO-SABERES-SOCIOAMBIENTAIS-COM-EDUCADORAS-DO-CAMPO-DAS-ILHAS-DAS-CIDADES-E-DAS-FLORESTAS &#8211; PAULO<\/a><a href=\"https:\/\/litoral.ufpr.br\/agroecologia\/wp-content\/uploads\/sites\/7\/2020\/05\/EDITAL-TECENDO-SABERES-SOCIOAMBIENTAIS-COM-EDUCADORAS-DO-CAMPO-DAS-ILHAS-DAS-CIDADES-E-DAS-FLORESTAS-PAULO.pdf\" class=\"wp-block-file__button\" download>Baixar<\/a><\/div>\n\n\n\n<div class=\"wp-block-file\"><a href=\"https:\/\/litoral.ufpr.br\/agroecologia\/wp-content\/uploads\/sites\/7\/2020\/05\/EDITAL-TECNOLOGIAS-SOCIAIS-PARA-PROMO\u00c7\u00c3O-DA-SEGURAN\u00c7A-E-SOBERANIA-ALIMENTAR-\u2013-PESQUISA-TROCA-DE-EXPERI\u00caNCIAS-E-VIV\u00caNCIAS-AGROECOL\u00d3GICAS-NO-LITORAL-PARANAENSE-PAULO.pdf\">EDITAL-TECNOLOGIAS-SOCIAIS-PARA-PROMO\u00c7\u00c3O-DA-SEGURAN\u00c7A-E-SOBERANIA-ALIMENTAR-\u2013-PESQUISA-TROCA-DE-EXPERI\u00caNCIAS-E-VIV\u00caNCIAS-AGROECOL\u00d3GICAS-NO-LITORAL-PARANAENSE &#8211; PAULO<\/a><a href=\"https:\/\/litoral.ufpr.br\/agroecologia\/wp-content\/uploads\/sites\/7\/2020\/05\/EDITAL-TECNOLOGIAS-SOCIAIS-PARA-PROMO\u00c7\u00c3O-DA-SEGURAN\u00c7A-E-SOBERANIA-ALIMENTAR-\u2013-PESQUISA-TROCA-DE-EXPERI\u00caNCIAS-E-VIV\u00caNCIAS-AGROECOL\u00d3GICAS-NO-LITORAL-PARANAENSE-PAULO.pdf\" class=\"wp-block-file__button\" download>Baixar<\/a><\/div>\n\n\n\n<div class=\"wp-block-file\"><a href=\"https:\/\/litoral.ufpr.br\/agroecologia\/wp-content\/uploads\/sites\/7\/2020\/05\/Formul\u00e1rio-inscri\u00e7\u00e3o-editais-de-Paulo.docx\">Formul\u00e1rio-inscri\u00e7\u00e3o-editais-de-Paulo<\/a><a href=\"https:\/\/litoral.ufpr.br\/agroecologia\/wp-content\/uploads\/sites\/7\/2020\/05\/Formul\u00e1rio-inscri\u00e7\u00e3o-editais-de-Paulo.docx\" class=\"wp-block-file__button\" download>Baixar<\/a><\/div>\n\n\n\n<h2 class=\"wp-block-heading\">Resultado dos editais<\/h2>\n\n\n\n<div class=\"wp-block-file\"><a href=\"https:\/\/litoral.ufpr.br\/agroecologia\/wp-content\/uploads\/sites\/7\/2020\/06\/Edital-de-Resultado-da-Selecao-de-Bolsistas-2020-Agroecologia-Luiz-Rogerio-e-Luciane.pdf\">Edital-de-Resultado-da-Selecao-de-Bolsistas-2020-Agroecologia-Luiz-Rogerio-e-Luciane<\/a><a href=\"https:\/\/litoral.ufpr.br\/agroecologia\/wp-content\/uploads\/sites\/7\/2020\/06\/Edital-de-Resultado-da-Selecao-de-Bolsistas-2020-Agroecologia-Luiz-Rogerio-e-Luciane.pdf\" class=\"wp-block-file__button\" download>Baixar<\/a><\/div>\n\n\n\n<div class=\"wp-block-file\"><a href=\"https:\/\/litoral.ufpr.br\/agroecologia\/wp-content\/uploads\/sites\/7\/2020\/06\/Edital-Extens\u00e3o-Fortalecimento-AF-resultado-Diomar.pdf\">Edital-Extens\u00e3o-Fortalecimento-AF-resultado-Diomar<\/a><a href=\"https:\/\/litoral.ufpr.br\/agroecologia\/wp-content\/uploads\/sites\/7\/2020\/06\/Edital-Extens\u00e3o-Fortalecimento-AF-resultado-Diomar.pdf\" class=\"wp-block-file__button\" download>Baixar<\/a><\/div>\n\n\n\n<div class=\"wp-block-file\"><a href=\"https:\/\/litoral.ufpr.br\/agroecologia\/wp-content\/uploads\/sites\/7\/2020\/06\/Edital-de-Resultado-de-Sele\u00e7\u00e3o-de-bolsitas-01-20-Tecendo-saberes-socioambientais.pdf\">Edital-de-Resultado-de-Sele\u00e7\u00e3o-de-bolsitas-01-20-Tecendo-saberes-socioambientais &#8211; Paulo<\/a><a href=\"https:\/\/litoral.ufpr.br\/agroecologia\/wp-content\/uploads\/sites\/7\/2020\/06\/Edital-de-Resultado-de-Sele\u00e7\u00e3o-de-bolsitas-01-20-Tecendo-saberes-socioambientais.pdf\" class=\"wp-block-file__button\" download>Baixar<\/a><\/div>\n\n\n\n<div class=\"wp-block-file\"><a href=\"https:\/\/litoral.ufpr.br\/agroecologia\/wp-content\/uploads\/sites\/7\/2020\/06\/Edital-de-Resultado-Sele\u00e7\u00e3o-de-bolsitas-Tecnologias-sociais-Agroecologia.pdf\">Edital-de-Resultado-Sele\u00e7\u00e3o-de-bolsitas-Tecnologias-sociais-Agroecologia &#8211;  Paulo<\/a><a href=\"https:\/\/litoral.ufpr.br\/agroecologia\/wp-content\/uploads\/sites\/7\/2020\/06\/Edital-de-Resultado-Sele\u00e7\u00e3o-de-bolsitas-Tecnologias-sociais-Agroecologia.pdf\" class=\"wp-block-file__button\" download>Baixar<\/a><\/div>\n\n\n\n<div class=\"wp-block-file\"><a href=\"https:\/\/litoral.ufpr.br\/agroecologia\/wp-content\/uploads\/sites\/7\/2020\/06\/RESULADO-Edital-Agroecologia-nas-escolas-Bica.pdf\">RESULTADO-Edital-Agroecologia-nas-escolas-Bica<\/a><a href=\"https:\/\/litoral.ufpr.br\/agroecologia\/wp-content\/uploads\/sites\/7\/2020\/06\/RESULADO-Edital-Agroecologia-nas-escolas-Bica.pdf\" class=\"wp-block-file__button\" download>Baixar<\/a><\/div>\n","protected":false},"excerpt":{"rendered":"<p>Resultado dos editais<\/p>\n","protected":false},"author":1584,"featured_media":0,"comment_status":"open","ping_status":"open","sticky":false,"template":"","format":"standard","meta":{"_acf_changed":false,"footnotes":""},"categories":[13],"tags":[],"class_list":["post-865","post","type-post","status-publish","format-standard","hentry","category-informativo"],"acf":[],"_links":{"self":[{"href":"https:\/\/litoral.ufpr.br\/agroecologia\/wp-json\/wp\/v2\/posts\/865","targetHints":{"allow":["GET"]}}],"collection":[{"href":"https:\/\/litoral.ufpr.br\/agroecologia\/wp-json\/wp\/v2\/posts"}],"about":[{"href":"https:\/\/litoral.ufpr.br\/agroecologia\/wp-json\/wp\/v2\/types\/post"}],"author":[{"embeddable":true,"href":"https:\/\/litoral.ufpr.br\/agroecologia\/wp-json\/wp\/v2\/users\/1584"}],"replies":[{"embeddable":true,"href":"https:\/\/litoral.ufpr.br\/agroecologia\/wp-json\/wp\/v2\/comments?post=865"}],"version-history":[{"count":23,"href":"https:\/\/litoral.ufpr.br\/agroecologia\/wp-json\/wp\/v2\/posts\/865\/revisions"}],"predecessor-version":[{"id":1087,"href":"https:\/\/litoral.ufpr.br\/agroecologia\/wp-json\/wp\/v2\/posts\/865\/revisions\/1087"}],"wp:attachment":[{"href":"https:\/\/litoral.ufpr.br\/agroecologia\/wp-json\/wp\/v2\/media?parent=865"}],"wp:term":[{"taxonomy":"category","embeddable":true,"href":"https:\/\/litoral.ufpr.br\/agroecologia\/wp-json\/wp\/v2\/categories?post=865"},{"taxonomy":"post_tag","embeddable":true,"href":"https:\/\/litoral.ufpr.br\/agroecologia\/wp-json\/wp\/v2\/tags?post=865"}],"curies":[{"name":"wp","href":"https:\/\/api.w.org\/{rel}","templated":true}]}}