{"id":2969,"date":"2024-11-18T13:27:39","date_gmt":"2024-11-18T16:27:39","guid":{"rendered":"https:\/\/litoral.ufpr.br\/agroecologia\/?p=2969"},"modified":"2024-12-13T10:48:16","modified_gmt":"2024-12-13T13:48:16","slug":"matriculas-2025-1-em-elaboracao","status":"publish","type":"post","link":"https:\/\/litoral.ufpr.br\/agroecologia\/2024\/11\/18\/matriculas-2025-1-em-elaboracao\/","title":{"rendered":"Matr\u00edculas 2025-1 Per\u00edodo de matr\u00edculas de 21 a 25 de fevereiro de 2025 via sistema SIGA."},"content":{"rendered":"\n<p><a href=\"https:\/\/litoral.ufpr.br\/agroecologia\/wp-content\/uploads\/sites\/7\/2024\/12\/RESOLUCAO-No-21-24-CEPE-1.pdf-calendario-academico-setor-litoral.pdf\">Calend\u00e1rio Acad\u00eamico 2025 &#8211; RESOLU\u00c7\u00c3O N\u00ba 21\/24-CEPE<\/a> <\/p>\n\n\n\n<p>PER\u00cdODO DE SOLICITA\u00c7\u00c3O DE MATR\u00cdCULAS: 21 a 25 de fevereiro de 2025.<\/p>\n\n\n\n<p>In\u00edcio do semestre 10\/03\/2025<\/p>\n\n\n\n<p>Fim do semestre 02\/07\/2025<\/p>\n\n\n\n<figure class=\"wp-block-image size-full\"><img loading=\"lazy\" decoding=\"async\" width=\"1108\" height=\"744\" src=\"https:\/\/litoral.ufpr.br\/agroecologia\/wp-content\/uploads\/sites\/7\/2024\/12\/Imagem-cronograma-de-ofertas-2025-1-site-2.png\" alt=\"\" class=\"wp-image-3034\" \/><\/figure>\n\n\n\n<p><\/p>\n\n\n\n<p><strong>Observa\u00e7\u00f5es importantes:<\/strong><\/p>\n\n\n\n<p>\u2013 A Ficha 2 (Plano de Ensino) ser\u00e1 elaborado pelo docente e discentes da turma nas duas primeiras semanas de aula.<\/p>\n\n\n\n<p>\u2013 N\u00e3o h\u00e1 pr\u00e9-requisito para matr\u00edcula. O discente poder\u00e1 cursar qualquer m\u00f3dulo desde que n\u00e3o haja conflito de hor\u00e1rio e n\u00e3o ultrapasse a carga hor\u00e1ria m\u00e1xima permitida (360h).<\/p>\n\n\n\n<p>\u2013 Havendo a necessidade, o discente poder\u00e1 solicitar matr\u00edcula em at\u00e9 dois m\u00f3dulos de ICHs e dois de PAs. Sendo que para o segundo, dever\u00e1 entrar em contato com a Coordena\u00e7\u00e3o.<\/p>\n\n\n\n<p>\u2013 Se no ato da matr\u00edcula, n\u00e3o encontrar o c\u00f3digo de ICH ou PA que necessita, orientamos contatar a Coordena\u00e7\u00e3o.<\/p>\n\n\n\n<p>\u2013 <strong>Optativa:<\/strong> O m\u00f3dulo de Introdu\u00e7\u00e3o ao Estudo da L\u00edngua Brasileira de Sinais &#8211; Libras ser\u00e1 ofertado pelo curso de Ci\u00eancias Ambientais. Havendo interesse poder\u00e3o solicitar matr\u00edcula.<\/p>\n\n\n\n<p><strong>Ensalamento:<\/strong><\/p>\n\n\n\n<p>Sala 31B \u2013 Turma 2023<\/p>\n\n\n\n<p>Sala 32B \u2013 Turma 2024<\/p>\n\n\n\n<p>Sala 33B \u2013 Turma 2025<\/p>\n\n\n\n<p><strong>Oferta_ICH_2025-1 Lista em constru\u00e7\u00e3o<\/strong><\/p>\n\n\n\n<p>Tutorial para acessar o SIGA.&nbsp;<a href=\"https:\/\/www.youtube.com\/watch?v=I0A9_WlXzms\">https:\/\/www.youtube.com\/watch?v=I0A9_WlXzms<\/a><\/p>\n\n\n\n<p>Tutorial para solicitar as matr\u00edculas.&nbsp;<a href=\"https:\/\/youtu.be\/I0A9_WlXzms?t=93\">https:\/\/youtu.be\/I0A9_WlXzms?t=93<\/a><\/p>\n\n\n\n<p><a href=\"https:\/\/litoral.ufpr.br\/agroecologia\/grade-e-corpo-docente\/\">Contato dos docentes<\/a><\/p>\n\n\n\n<p>Havendo d\u00favidas, entrar em contato preferencialmente pelo e-mail da coordena\u00e7\u00e3o: agroecologia.ufpr@ufpr.br ou presencialmente na SGAG.<\/p>\n\n\n\n<p class=\"has-small-font-size\">Atualizado em 13\/12\/2024.<\/p>\n","protected":false},"excerpt":{"rendered":"<p>Calend\u00e1rio Acad\u00eamico 2025 &#8211; RESOLU\u00c7\u00c3O N\u00ba 21\/24-CEPE PER\u00cdODO DE SOLICITA\u00c7\u00c3O DE MATR\u00cdCULAS: 21 a 25 de fevereiro de 2025. In\u00edcio do semestre 10\/03\/2025 Fim do semestre 02\/07\/2025 Observa\u00e7\u00f5es importantes: \u2013 A Ficha 2 (Plano de Ensino) ser\u00e1 elaborado pelo docente e discentes da turma nas duas primeiras semanas de aula. \u2013 N\u00e3o h\u00e1 pr\u00e9-requisito para [&hellip;]<\/p>\n","protected":false},"author":1624,"featured_media":0,"comment_status":"open","ping_status":"open","sticky":false,"template":"","format":"standard","meta":{"_acf_changed":false,"footnotes":""},"categories":[13],"tags":[],"class_list":["post-2969","post","type-post","status-publish","format-standard","hentry","category-informativo"],"acf":[],"_links":{"self":[{"href":"https:\/\/litoral.ufpr.br\/agroecologia\/wp-json\/wp\/v2\/posts\/2969","targetHints":{"allow":["GET"]}}],"collection":[{"href":"https:\/\/litoral.ufpr.br\/agroecologia\/wp-json\/wp\/v2\/posts"}],"about":[{"href":"https:\/\/litoral.ufpr.br\/agroecologia\/wp-json\/wp\/v2\/types\/post"}],"author":[{"embeddable":true,"href":"https:\/\/litoral.ufpr.br\/agroecologia\/wp-json\/wp\/v2\/users\/1624"}],"replies":[{"embeddable":true,"href":"https:\/\/litoral.ufpr.br\/agroecologia\/wp-json\/wp\/v2\/comments?post=2969"}],"version-history":[{"count":20,"href":"https:\/\/litoral.ufpr.br\/agroecologia\/wp-json\/wp\/v2\/posts\/2969\/revisions"}],"predecessor-version":[{"id":3036,"href":"https:\/\/litoral.ufpr.br\/agroecologia\/wp-json\/wp\/v2\/posts\/2969\/revisions\/3036"}],"wp:attachment":[{"href":"https:\/\/litoral.ufpr.br\/agroecologia\/wp-json\/wp\/v2\/media?parent=2969"}],"wp:term":[{"taxonomy":"category","embeddable":true,"href":"https:\/\/litoral.ufpr.br\/agroecologia\/wp-json\/wp\/v2\/categories?post=2969"},{"taxonomy":"post_tag","embeddable":true,"href":"https:\/\/litoral.ufpr.br\/agroecologia\/wp-json\/wp\/v2\/tags?post=2969"}],"curies":[{"name":"wp","href":"https:\/\/api.w.org\/{rel}","templated":true}]}}