{"id":2836,"date":"2024-02-28T12:17:55","date_gmt":"2024-02-28T15:17:55","guid":{"rendered":"https:\/\/litoral.ufpr.br\/agroecologia\/?p=2836"},"modified":"2024-03-14T13:10:03","modified_gmt":"2024-03-14T16:10:03","slug":"consulta-publica-para-coordenacao-do-curso-gestao-2024-2026","status":"publish","type":"post","link":"https:\/\/litoral.ufpr.br\/agroecologia\/2024\/02\/28\/consulta-publica-para-coordenacao-do-curso-gestao-2024-2026\/","title":{"rendered":"CONSULTA P\u00daBLICA PARA COORDENA\u00c7\u00c3O DO CURSO &#8211; GEST\u00c3O 2024 -2026"},"content":{"rendered":"\n<div class=\"wp-block-file\"><a id=\"wp-block-file--media-05168721-b40c-40c7-9730-c140c093c994\" href=\"https:\/\/litoral.ufpr.br\/agroecologia\/wp-content\/uploads\/sites\/7\/2024\/02\/Editais-001-002-003-2024-Consulta-Publica-Agroecologia-Gestao-2024-2026-1.pdf\">Editais 001-002-003-2024-Consulta-Publica-Agroecologia-Gestao-2024-2026<\/a><a href=\"https:\/\/litoral.ufpr.br\/agroecologia\/wp-content\/uploads\/sites\/7\/2024\/02\/Editais-001-002-003-2024-Consulta-Publica-Agroecologia-Gestao-2024-2026-1.pdf\" class=\"wp-block-file__button\" download aria-describedby=\"wp-block-file--media-05168721-b40c-40c7-9730-c140c093c994\">Baixar<\/a><\/div>\n\n\n\n<div class=\"wp-block-file\"><a id=\"wp-block-file--media-8ed3a11a-bcf1-4c76-8a3e-2041da236805\" href=\"https:\/\/litoral.ufpr.br\/agroecologia\/wp-content\/uploads\/sites\/7\/2024\/03\/SEI_6475558_Edital_004_2024.pdf\">Edital_004-2024 Homologa\u00e7\u00e3o das inscri\u00e7\u00f5es<\/a><a href=\"https:\/\/litoral.ufpr.br\/agroecologia\/wp-content\/uploads\/sites\/7\/2024\/03\/SEI_6475558_Edital_004_2024.pdf\" class=\"wp-block-file__button\" download aria-describedby=\"wp-block-file--media-8ed3a11a-bcf1-4c76-8a3e-2041da236805\">Baixar<\/a><\/div>\n\n\n\n<div class=\"wp-block-file\"><a id=\"wp-block-file--media-d51cbce2-b452-44ea-8fc0-b04aace29748\" href=\"https:\/\/litoral.ufpr.br\/agroecologia\/wp-content\/uploads\/sites\/7\/2024\/03\/Editais-da-Consulta-Publica-Agroecologia-005-006-007-2024.pdf\">Editais 005-006-007-2024<\/a><a href=\"https:\/\/litoral.ufpr.br\/agroecologia\/wp-content\/uploads\/sites\/7\/2024\/03\/Editais-da-Consulta-Publica-Agroecologia-005-006-007-2024.pdf\" class=\"wp-block-file__button\" download aria-describedby=\"wp-block-file--media-d51cbce2-b452-44ea-8fc0-b04aace29748\">Baixar<\/a><\/div>\n\n\n\n<div class=\"wp-block-file\"><a id=\"wp-block-file--media-f931a73f-8e6e-48e3-9f2d-e8066d3e7ecb\" href=\"https:\/\/litoral.ufpr.br\/agroecologia\/wp-content\/uploads\/sites\/7\/2024\/03\/SEI_6488145_Edital_008_2024.pdf\">Edital 008-2024 Resultado da Consulta P\u00fablica<\/a><a href=\"https:\/\/litoral.ufpr.br\/agroecologia\/wp-content\/uploads\/sites\/7\/2024\/03\/SEI_6488145_Edital_008_2024.pdf\" class=\"wp-block-file__button\" download aria-describedby=\"wp-block-file--media-f931a73f-8e6e-48e3-9f2d-e8066d3e7ecb\">Baixar<\/a><\/div>\n","protected":false},"excerpt":{"rendered":"","protected":false},"author":1624,"featured_media":0,"comment_status":"open","ping_status":"open","sticky":false,"template":"","format":"standard","meta":{"_acf_changed":false,"footnotes":""},"categories":[13,1],"tags":[],"class_list":["post-2836","post","type-post","status-publish","format-standard","hentry","category-informativo","category-sem-categoria"],"acf":[],"_links":{"self":[{"href":"https:\/\/litoral.ufpr.br\/agroecologia\/wp-json\/wp\/v2\/posts\/2836","targetHints":{"allow":["GET"]}}],"collection":[{"href":"https:\/\/litoral.ufpr.br\/agroecologia\/wp-json\/wp\/v2\/posts"}],"about":[{"href":"https:\/\/litoral.ufpr.br\/agroecologia\/wp-json\/wp\/v2\/types\/post"}],"author":[{"embeddable":true,"href":"https:\/\/litoral.ufpr.br\/agroecologia\/wp-json\/wp\/v2\/users\/1624"}],"replies":[{"embeddable":true,"href":"https:\/\/litoral.ufpr.br\/agroecologia\/wp-json\/wp\/v2\/comments?post=2836"}],"version-history":[{"count":9,"href":"https:\/\/litoral.ufpr.br\/agroecologia\/wp-json\/wp\/v2\/posts\/2836\/revisions"}],"predecessor-version":[{"id":2873,"href":"https:\/\/litoral.ufpr.br\/agroecologia\/wp-json\/wp\/v2\/posts\/2836\/revisions\/2873"}],"wp:attachment":[{"href":"https:\/\/litoral.ufpr.br\/agroecologia\/wp-json\/wp\/v2\/media?parent=2836"}],"wp:term":[{"taxonomy":"category","embeddable":true,"href":"https:\/\/litoral.ufpr.br\/agroecologia\/wp-json\/wp\/v2\/categories?post=2836"},{"taxonomy":"post_tag","embeddable":true,"href":"https:\/\/litoral.ufpr.br\/agroecologia\/wp-json\/wp\/v2\/tags?post=2836"}],"curies":[{"name":"wp","href":"https:\/\/api.w.org\/{rel}","templated":true}]}}