{"id":1767,"date":"2021-06-07T17:03:28","date_gmt":"2021-06-07T20:03:28","guid":{"rendered":"https:\/\/litoral.ufpr.br\/agroecologia\/?p=1767"},"modified":"2021-06-07T17:08:43","modified_gmt":"2021-06-07T20:08:43","slug":"edital-de-selecao-de-estudante-de-iniciacao-cientifica","status":"publish","type":"post","link":"https:\/\/litoral.ufpr.br\/agroecologia\/2021\/06\/07\/edital-de-selecao-de-estudante-de-iniciacao-cientifica\/","title":{"rendered":"EDITAL DE SELE\u00c7\u00c3O DE ESTUDANTE DE INICIA\u00c7\u00c3O CIENT\u00cdFICA"},"content":{"rendered":"\n<p class=\"has-text-align-center\">Data limite e local para inscri\u00e7\u00e3o<br>\uf0b7 09\/06\/2021, por e-mail:<br>diomar@ufpr.br<br>\uf0b7 09\/06\/2021, por e-mail:<br>paulolopes@ufpr.br<\/p>\n\n\n\n<p class=\"has-text-align-center\"><a href=\"https:\/\/drive.google.com\/file\/d\/1tWhhHvScg2XPGPy1ZtHQVBNyTSMFZu5P\/view?usp=sharing\">EDITAL<\/a><\/p>\n\n\n\n<p class=\"has-text-align-center\"><\/p>\n\n\n\n<p><\/p>\n","protected":false},"excerpt":{"rendered":"<p>Data limite e local para inscri\u00e7\u00e3o\uf0b7 09\/06\/2021, por e-mail:diomar@ufpr.br\uf0b7 09\/06\/2021, por e-mail:paulolopes@ufpr.br EDITAL<\/p>\n","protected":false},"author":1584,"featured_media":0,"comment_status":"open","ping_status":"open","sticky":false,"template":"","format":"standard","meta":{"_acf_changed":false,"footnotes":""},"categories":[13],"tags":[],"class_list":["post-1767","post","type-post","status-publish","format-standard","hentry","category-informativo"],"acf":[],"_links":{"self":[{"href":"https:\/\/litoral.ufpr.br\/agroecologia\/wp-json\/wp\/v2\/posts\/1767","targetHints":{"allow":["GET"]}}],"collection":[{"href":"https:\/\/litoral.ufpr.br\/agroecologia\/wp-json\/wp\/v2\/posts"}],"about":[{"href":"https:\/\/litoral.ufpr.br\/agroecologia\/wp-json\/wp\/v2\/types\/post"}],"author":[{"embeddable":true,"href":"https:\/\/litoral.ufpr.br\/agroecologia\/wp-json\/wp\/v2\/users\/1584"}],"replies":[{"embeddable":true,"href":"https:\/\/litoral.ufpr.br\/agroecologia\/wp-json\/wp\/v2\/comments?post=1767"}],"version-history":[{"count":7,"href":"https:\/\/litoral.ufpr.br\/agroecologia\/wp-json\/wp\/v2\/posts\/1767\/revisions"}],"predecessor-version":[{"id":1774,"href":"https:\/\/litoral.ufpr.br\/agroecologia\/wp-json\/wp\/v2\/posts\/1767\/revisions\/1774"}],"wp:attachment":[{"href":"https:\/\/litoral.ufpr.br\/agroecologia\/wp-json\/wp\/v2\/media?parent=1767"}],"wp:term":[{"taxonomy":"category","embeddable":true,"href":"https:\/\/litoral.ufpr.br\/agroecologia\/wp-json\/wp\/v2\/categories?post=1767"},{"taxonomy":"post_tag","embeddable":true,"href":"https:\/\/litoral.ufpr.br\/agroecologia\/wp-json\/wp\/v2\/tags?post=1767"}],"curies":[{"name":"wp","href":"https:\/\/api.w.org\/{rel}","templated":true}]}}