{"id":987,"date":"2020-03-10T17:48:53","date_gmt":"2020-03-10T20:48:53","guid":{"rendered":"https:\/\/litoral.ufpr.br\/admpublica\/?p=987"},"modified":"2020-03-10T17:50:30","modified_gmt":"2020-03-10T20:50:30","slug":"convocacao-de-reuniao-formandos","status":"publish","type":"post","link":"https:\/\/litoral.ufpr.br\/admpublica\/2020\/03\/10\/convocacao-de-reuniao-formandos\/","title":{"rendered":"CONVOCA\u00c7\u00c3O DE REUNI\u00c3O FORMANDOS"},"content":{"rendered":"<p><a href=\"https:\/\/litoral.ufpr.br\/admpublica\/wp-content\/uploads\/sites\/6\/2020\/03\/ConvocaA\u0303\u00a7A\u0303\u00a3o-de-reuniA\u0303\u00a3o-formandos-2020-1.pdf\">Convoca\u00e7\u00e3o de reuni\u00e3o formandos 2020-1<\/a><\/p>\n","protected":false},"excerpt":{"rendered":"<p>Convoca\u00e7\u00e3o de reuni\u00e3o formandos 2020-1<\/p>\n","protected":false},"author":1590,"featured_media":0,"comment_status":"open","ping_status":"open","sticky":false,"template":"","format":"standard","meta":{"_acf_changed":false,"footnotes":""},"categories":[13],"tags":[],"class_list":["post-987","post","type-post","status-publish","format-standard","hentry","category-informativo"],"acf":[],"_links":{"self":[{"href":"https:\/\/litoral.ufpr.br\/admpublica\/wp-json\/wp\/v2\/posts\/987","targetHints":{"allow":["GET"]}}],"collection":[{"href":"https:\/\/litoral.ufpr.br\/admpublica\/wp-json\/wp\/v2\/posts"}],"about":[{"href":"https:\/\/litoral.ufpr.br\/admpublica\/wp-json\/wp\/v2\/types\/post"}],"author":[{"embeddable":true,"href":"https:\/\/litoral.ufpr.br\/admpublica\/wp-json\/wp\/v2\/users\/1590"}],"replies":[{"embeddable":true,"href":"https:\/\/litoral.ufpr.br\/admpublica\/wp-json\/wp\/v2\/comments?post=987"}],"version-history":[{"count":1,"href":"https:\/\/litoral.ufpr.br\/admpublica\/wp-json\/wp\/v2\/posts\/987\/revisions"}],"predecessor-version":[{"id":988,"href":"https:\/\/litoral.ufpr.br\/admpublica\/wp-json\/wp\/v2\/posts\/987\/revisions\/988"}],"wp:attachment":[{"href":"https:\/\/litoral.ufpr.br\/admpublica\/wp-json\/wp\/v2\/media?parent=987"}],"wp:term":[{"taxonomy":"category","embeddable":true,"href":"https:\/\/litoral.ufpr.br\/admpublica\/wp-json\/wp\/v2\/categories?post=987"},{"taxonomy":"post_tag","embeddable":true,"href":"https:\/\/litoral.ufpr.br\/admpublica\/wp-json\/wp\/v2\/tags?post=987"}],"curies":[{"name":"wp","href":"https:\/\/api.w.org\/{rel}","templated":true}]}}