{"id":906,"date":"2019-11-14T15:09:49","date_gmt":"2019-11-14T18:09:49","guid":{"rendered":"https:\/\/litoral.ufpr.br\/admpublica\/?p=906"},"modified":"2019-11-14T15:13:08","modified_gmt":"2019-11-14T18:13:08","slug":"evento-de-avaliacao-do-curso-de-administracao-publica-da-ufpr-litoral-2","status":"publish","type":"post","link":"https:\/\/litoral.ufpr.br\/admpublica\/2019\/11\/14\/evento-de-avaliacao-do-curso-de-administracao-publica-da-ufpr-litoral-2\/","title":{"rendered":"EVENTO DE AVALIA\u00c7\u00c3O DO CURSO DE ADMINISTRA\u00c7\u00c3O P\u00daBLICA DA UFPR-LITORAL"},"content":{"rendered":"<p>EVENTO DE AVALIA\u00c7\u00c3O DO CURSO DE ADMINISTRA\u00c7\u00c3O P\u00daBLICA DA UFPR-LITORAL<\/p>\n<p>Os acad\u00eamicos do curso de Administra\u00e7\u00e3o P\u00fablica devem avaliar o curso respondendo o question\u00e1rio dispon\u00edvel no <a href=\"https:\/\/docs.google.com\/forms\/d\/e\/1FAIpQLSfKDdZDfUGi4co2HPwkGFsf8qgERH_on4pM-ReMZTQogLMUaw\/viewform?usp=sf_link\">link<\/a>.<br \/>\nOs que responderem e digitarem corretamente o CPF receber\u00e3o certificado de 1 hora que contar\u00e1 como participa\u00e7\u00e3o em evento para fins de contagem de horas de Atividades Formativas Complementares.<br \/>\nO prazo para responder termina no dia 21 de novembro de 2019.<br \/>\nA participa\u00e7\u00e3o de todos \u00e9 fundamental.<\/p>\n<p>Ajude a divulgar!<\/p>\n","protected":false},"excerpt":{"rendered":"<p>EVENTO DE AVALIA\u00c7\u00c3O DO CURSO DE ADMINISTRA\u00c7\u00c3O P\u00daBLICA DA UFPR-LITORAL Os acad\u00eamicos do curso de Administra\u00e7\u00e3o P\u00fablica devem avaliar o curso respondendo o question\u00e1rio dispon\u00edvel no link. Os que responderem e digitarem corretamente o CPF receber\u00e3o certificado de 1 hora que contar\u00e1 como participa\u00e7\u00e3o em evento para fins de contagem de horas de Atividades Formativas [&hellip;]<\/p>\n","protected":false},"author":1590,"featured_media":0,"comment_status":"open","ping_status":"open","sticky":false,"template":"","format":"standard","meta":{"_acf_changed":false,"footnotes":""},"categories":[13],"tags":[],"class_list":["post-906","post","type-post","status-publish","format-standard","hentry","category-informativo"],"acf":[],"_links":{"self":[{"href":"https:\/\/litoral.ufpr.br\/admpublica\/wp-json\/wp\/v2\/posts\/906","targetHints":{"allow":["GET"]}}],"collection":[{"href":"https:\/\/litoral.ufpr.br\/admpublica\/wp-json\/wp\/v2\/posts"}],"about":[{"href":"https:\/\/litoral.ufpr.br\/admpublica\/wp-json\/wp\/v2\/types\/post"}],"author":[{"embeddable":true,"href":"https:\/\/litoral.ufpr.br\/admpublica\/wp-json\/wp\/v2\/users\/1590"}],"replies":[{"embeddable":true,"href":"https:\/\/litoral.ufpr.br\/admpublica\/wp-json\/wp\/v2\/comments?post=906"}],"version-history":[{"count":1,"href":"https:\/\/litoral.ufpr.br\/admpublica\/wp-json\/wp\/v2\/posts\/906\/revisions"}],"predecessor-version":[{"id":907,"href":"https:\/\/litoral.ufpr.br\/admpublica\/wp-json\/wp\/v2\/posts\/906\/revisions\/907"}],"wp:attachment":[{"href":"https:\/\/litoral.ufpr.br\/admpublica\/wp-json\/wp\/v2\/media?parent=906"}],"wp:term":[{"taxonomy":"category","embeddable":true,"href":"https:\/\/litoral.ufpr.br\/admpublica\/wp-json\/wp\/v2\/categories?post=906"},{"taxonomy":"post_tag","embeddable":true,"href":"https:\/\/litoral.ufpr.br\/admpublica\/wp-json\/wp\/v2\/tags?post=906"}],"curies":[{"name":"wp","href":"https:\/\/api.w.org\/{rel}","templated":true}]}}