{"id":638,"date":"2019-08-06T11:13:45","date_gmt":"2019-08-06T14:13:45","guid":{"rendered":"https:\/\/litoral.ufpr.br\/admpublica\/?p=638"},"modified":"2019-08-06T11:13:45","modified_gmt":"2019-08-06T14:13:45","slug":"selecao-de-bolsistas-estagio-nao-remunerado","status":"publish","type":"post","link":"https:\/\/litoral.ufpr.br\/admpublica\/2019\/08\/06\/selecao-de-bolsistas-estagio-nao-remunerado\/","title":{"rendered":"Sele\u00e7\u00e3o de Bolsistas- Est\u00e1gio n\u00e3o remunerado"},"content":{"rendered":"<p><a href=\"https:\/\/litoral.ufpr.br\/admpublica\/wp-content\/uploads\/sites\/6\/2019\/08\/Edital-de-sele\u00e7\u00e3o-de-Bolsista-n\u00e3o-Remunerado.pdf\">Edital de sele\u00e7\u00e3o de Bolsista n\u00e3o Remunerado<\/a><\/p>\n<p>INSCRI\u00c7\u00c3O<\/p>\n<p>As inscri\u00e7\u00f5es dever\u00e3o ser efetuadas exclusivamente por e-mail, onde dever\u00e1 ser encaminhado para<br \/>\ncloviswa@gmail.com at\u00e9 o dia 11\/08\/2019. O candidato dever\u00e1 informar; nome completo, ano em<br \/>\nque est\u00e1 cursando, telefone para contato e o motivo que gostaria de estar fazendo est\u00e1gio nessa \u00e1rea.<\/p>\n<p>SELE\u00c7\u00c3O<br \/>\nA sele\u00e7\u00e3o ser\u00e1 efetuada mediante entrevista, a ser realizada no dia 15\/08\/2019 quinta feira, a partir<br \/>\ndas 14:00 horas na sala 12B. Os crit\u00e9rios de sele\u00e7\u00e3o s\u00e3o: disponibilidade em uma tarde da semana<br \/>\n(4 horas), ser organizado, ter iniciativa de pesquisa.<\/p>\n<p>DADOS DA BOLSA<br \/>\nN\u00famero de bolsas: 05 bolsas<br \/>\nValor da bolsa: R$ 00,00<br \/>\nCarga Hor\u00e1ria: 04 horas semanais<br \/>\nLocal de realiza\u00e7\u00e3o do est\u00e1gio: COE-Administra\u00e7\u00e3o P\u00fablica.<\/p>\n<p>&nbsp;<\/p>\n","protected":false},"excerpt":{"rendered":"<p>Edital de sele\u00e7\u00e3o de Bolsista n\u00e3o Remunerado INSCRI\u00c7\u00c3O As inscri\u00e7\u00f5es dever\u00e3o ser efetuadas exclusivamente por e-mail, onde dever\u00e1 ser encaminhado para cloviswa@gmail.com at\u00e9 o dia 11\/08\/2019. O candidato dever\u00e1 informar; nome completo, ano em que est\u00e1 cursando, telefone para contato e o motivo que gostaria de estar fazendo est\u00e1gio nessa \u00e1rea. SELE\u00c7\u00c3O A sele\u00e7\u00e3o ser\u00e1 [&hellip;]<\/p>\n","protected":false},"author":1590,"featured_media":0,"comment_status":"open","ping_status":"open","sticky":false,"template":"","format":"standard","meta":{"_acf_changed":false,"footnotes":""},"categories":[13],"tags":[],"class_list":["post-638","post","type-post","status-publish","format-standard","hentry","category-informativo"],"acf":[],"_links":{"self":[{"href":"https:\/\/litoral.ufpr.br\/admpublica\/wp-json\/wp\/v2\/posts\/638","targetHints":{"allow":["GET"]}}],"collection":[{"href":"https:\/\/litoral.ufpr.br\/admpublica\/wp-json\/wp\/v2\/posts"}],"about":[{"href":"https:\/\/litoral.ufpr.br\/admpublica\/wp-json\/wp\/v2\/types\/post"}],"author":[{"embeddable":true,"href":"https:\/\/litoral.ufpr.br\/admpublica\/wp-json\/wp\/v2\/users\/1590"}],"replies":[{"embeddable":true,"href":"https:\/\/litoral.ufpr.br\/admpublica\/wp-json\/wp\/v2\/comments?post=638"}],"version-history":[{"count":1,"href":"https:\/\/litoral.ufpr.br\/admpublica\/wp-json\/wp\/v2\/posts\/638\/revisions"}],"predecessor-version":[{"id":639,"href":"https:\/\/litoral.ufpr.br\/admpublica\/wp-json\/wp\/v2\/posts\/638\/revisions\/639"}],"wp:attachment":[{"href":"https:\/\/litoral.ufpr.br\/admpublica\/wp-json\/wp\/v2\/media?parent=638"}],"wp:term":[{"taxonomy":"category","embeddable":true,"href":"https:\/\/litoral.ufpr.br\/admpublica\/wp-json\/wp\/v2\/categories?post=638"},{"taxonomy":"post_tag","embeddable":true,"href":"https:\/\/litoral.ufpr.br\/admpublica\/wp-json\/wp\/v2\/tags?post=638"}],"curies":[{"name":"wp","href":"https:\/\/api.w.org\/{rel}","templated":true}]}}