{"id":2950,"date":"2022-10-05T18:57:17","date_gmt":"2022-10-05T21:57:17","guid":{"rendered":"https:\/\/litoral.ufpr.br\/admpublica\/?p=2950"},"modified":"2022-10-05T19:00:47","modified_gmt":"2022-10-05T22:00:47","slug":"edital-de-selecao-de-monitoria-3","status":"publish","type":"post","link":"https:\/\/litoral.ufpr.br\/admpublica\/2022\/10\/05\/edital-de-selecao-de-monitoria-3\/","title":{"rendered":"Edital de sele\u00e7\u00e3o de Monitoria"},"content":{"rendered":"\n<p>O presente edital torna p\u00fablica a sele\u00e7\u00e3o de 01 monitor\/a (12 horas semanais) do&nbsp;<strong>EDITAL N\u00ba 23\/2022\/COAFE\/PROGRAD<\/strong>&nbsp;para o segundo semestre letivo de 2022:<\/p>\n\n\n\n<p>Para o m\u00f3dulo&nbsp;<strong>SLAP002 Teoria e Pr\u00e1tica da Pol\u00edtica II<\/strong>, ministrado pelo professor orientador: Rodrigo Rossi Horochovski.<\/p>\n\n\n\n<div data-wp-interactive=\"core\/file\" class=\"wp-block-file\"><object data-wp-bind--hidden=\"!state.hasPdfPreview\" hidden class=\"wp-block-file__embed\" data=\"https:\/\/litoral.ufpr.br\/admpublica\/wp-content\/uploads\/sites\/6\/2022\/10\/Edital-bolsa-monitoria-SLAP002-\u2013-TEORIA-E-PRATICA-DA-POLITICA-II.docx.pdf\" type=\"application\/pdf\" style=\"width:100%;height:600px\" aria-label=\"Incorporado de Incorporado de Edital-bolsa-monitoria-SLAP002-\u2013-TEORIA-E-PRATICA-DA-POLITICA-II.docx..\"><\/object><a id=\"wp-block-file--media-28e46bae-cb78-4aba-8c06-39ba0f8a50b2\" href=\"https:\/\/litoral.ufpr.br\/admpublica\/wp-content\/uploads\/sites\/6\/2022\/10\/Edital-bolsa-monitoria-SLAP002-\u2013-TEORIA-E-PRATICA-DA-POLITICA-II.docx.pdf\">Edital-bolsa-monitoria-SLAP002-\u2013-TEORIA-E-PRATICA-DA-POLITICA-II.docx<\/a><a href=\"https:\/\/litoral.ufpr.br\/admpublica\/wp-content\/uploads\/sites\/6\/2022\/10\/Edital-bolsa-monitoria-SLAP002-\u2013-TEORIA-E-PRATICA-DA-POLITICA-II.docx.pdf\" class=\"wp-block-file__button\" download aria-describedby=\"wp-block-file--media-28e46bae-cb78-4aba-8c06-39ba0f8a50b2\">Baixar<\/a><\/div>\n","protected":false},"excerpt":{"rendered":"<p>O presente edital torna p\u00fablica a sele\u00e7\u00e3o de 01 monitor\/a (12 horas semanais) do&nbsp;EDITAL N\u00ba 23\/2022\/COAFE\/PROGRAD&nbsp;para o segundo semestre letivo de 2022: Para o m\u00f3dulo&nbsp;SLAP002 Teoria e Pr\u00e1tica da Pol\u00edtica II, ministrado pelo professor orientador: Rodrigo Rossi Horochovski.<\/p>\n","protected":false},"author":1626,"featured_media":0,"comment_status":"open","ping_status":"open","sticky":false,"template":"","format":"standard","meta":{"_acf_changed":false,"footnotes":""},"categories":[13],"tags":[],"class_list":["post-2950","post","type-post","status-publish","format-standard","hentry","category-informativo"],"acf":[],"_links":{"self":[{"href":"https:\/\/litoral.ufpr.br\/admpublica\/wp-json\/wp\/v2\/posts\/2950","targetHints":{"allow":["GET"]}}],"collection":[{"href":"https:\/\/litoral.ufpr.br\/admpublica\/wp-json\/wp\/v2\/posts"}],"about":[{"href":"https:\/\/litoral.ufpr.br\/admpublica\/wp-json\/wp\/v2\/types\/post"}],"author":[{"embeddable":true,"href":"https:\/\/litoral.ufpr.br\/admpublica\/wp-json\/wp\/v2\/users\/1626"}],"replies":[{"embeddable":true,"href":"https:\/\/litoral.ufpr.br\/admpublica\/wp-json\/wp\/v2\/comments?post=2950"}],"version-history":[{"count":2,"href":"https:\/\/litoral.ufpr.br\/admpublica\/wp-json\/wp\/v2\/posts\/2950\/revisions"}],"predecessor-version":[{"id":2953,"href":"https:\/\/litoral.ufpr.br\/admpublica\/wp-json\/wp\/v2\/posts\/2950\/revisions\/2953"}],"wp:attachment":[{"href":"https:\/\/litoral.ufpr.br\/admpublica\/wp-json\/wp\/v2\/media?parent=2950"}],"wp:term":[{"taxonomy":"category","embeddable":true,"href":"https:\/\/litoral.ufpr.br\/admpublica\/wp-json\/wp\/v2\/categories?post=2950"},{"taxonomy":"post_tag","embeddable":true,"href":"https:\/\/litoral.ufpr.br\/admpublica\/wp-json\/wp\/v2\/tags?post=2950"}],"curies":[{"name":"wp","href":"https:\/\/api.w.org\/{rel}","templated":true}]}}