{"id":2816,"date":"2022-06-08T16:49:44","date_gmt":"2022-06-08T19:49:44","guid":{"rendered":"https:\/\/litoral.ufpr.br\/admpublica\/?p=2816"},"modified":"2022-06-08T16:49:44","modified_gmt":"2022-06-08T19:49:44","slug":"edital-de-selecao-para-iniciacao-cientifica-lar-2022-23","status":"publish","type":"post","link":"https:\/\/litoral.ufpr.br\/admpublica\/2022\/06\/08\/edital-de-selecao-para-iniciacao-cientifica-lar-2022-23\/","title":{"rendered":"Edital de Sele\u00e7\u00e3o para Inicia\u00e7\u00e3o Cient\u00edfica LAR 2022-23"},"content":{"rendered":"\n<p>Prezados estudantes<\/p>\n\n\n\n<p>Est\u00e1 aberto o edital para sele\u00e7\u00e3o de bolsistas para a Inicia\u00e7\u00e3o Cient\u00edfica Laborat\u00f3rio de An\u00e1lise de Redes &#8211; LAR &#8211; 2022 &#8211; 23, as inscri\u00e7\u00f5es v\u00e3o at\u00e9 o dia 28 de junho de 2022!<\/p>\n\n\n\n<p>Para acessar o edital completo, clique no <a href=\"https:\/\/litoral.ufpr.br\/admpublica\/wp-content\/uploads\/sites\/6\/2022\/06\/Edital_Selecao_IC_LAR_2022_23.pdf\" target=\"_blank\" rel=\"noreferrer noopener\">link<\/a>.<\/p>\n","protected":false},"excerpt":{"rendered":"<p>Prezados estudantes Est\u00e1 aberto o edital para sele\u00e7\u00e3o de bolsistas para a Inicia\u00e7\u00e3o Cient\u00edfica Laborat\u00f3rio de An\u00e1lise de Redes &#8211; LAR &#8211; 2022 &#8211; 23, as inscri\u00e7\u00f5es v\u00e3o at\u00e9 o dia 28 de junho de 2022! Para acessar o edital completo, clique no link.<\/p>\n","protected":false},"author":1611,"featured_media":1019,"comment_status":"open","ping_status":"open","sticky":false,"template":"","format":"standard","meta":{"_acf_changed":false,"footnotes":""},"categories":[13],"tags":[],"class_list":["post-2816","post","type-post","status-publish","format-standard","has-post-thumbnail","hentry","category-informativo"],"acf":[],"_links":{"self":[{"href":"https:\/\/litoral.ufpr.br\/admpublica\/wp-json\/wp\/v2\/posts\/2816","targetHints":{"allow":["GET"]}}],"collection":[{"href":"https:\/\/litoral.ufpr.br\/admpublica\/wp-json\/wp\/v2\/posts"}],"about":[{"href":"https:\/\/litoral.ufpr.br\/admpublica\/wp-json\/wp\/v2\/types\/post"}],"author":[{"embeddable":true,"href":"https:\/\/litoral.ufpr.br\/admpublica\/wp-json\/wp\/v2\/users\/1611"}],"replies":[{"embeddable":true,"href":"https:\/\/litoral.ufpr.br\/admpublica\/wp-json\/wp\/v2\/comments?post=2816"}],"version-history":[{"count":1,"href":"https:\/\/litoral.ufpr.br\/admpublica\/wp-json\/wp\/v2\/posts\/2816\/revisions"}],"predecessor-version":[{"id":2817,"href":"https:\/\/litoral.ufpr.br\/admpublica\/wp-json\/wp\/v2\/posts\/2816\/revisions\/2817"}],"wp:featuredmedia":[{"embeddable":true,"href":"https:\/\/litoral.ufpr.br\/admpublica\/wp-json\/wp\/v2\/media\/1019"}],"wp:attachment":[{"href":"https:\/\/litoral.ufpr.br\/admpublica\/wp-json\/wp\/v2\/media?parent=2816"}],"wp:term":[{"taxonomy":"category","embeddable":true,"href":"https:\/\/litoral.ufpr.br\/admpublica\/wp-json\/wp\/v2\/categories?post=2816"},{"taxonomy":"post_tag","embeddable":true,"href":"https:\/\/litoral.ufpr.br\/admpublica\/wp-json\/wp\/v2\/tags?post=2816"}],"curies":[{"name":"wp","href":"https:\/\/api.w.org\/{rel}","templated":true}]}}