{"id":2753,"date":"2022-05-20T14:07:06","date_gmt":"2022-05-20T17:07:06","guid":{"rendered":"https:\/\/litoral.ufpr.br\/admpublica\/?p=2753"},"modified":"2022-05-20T14:08:37","modified_gmt":"2022-05-20T17:08:37","slug":"ix-encontro-de-administracao-publica-da-anpad-enapg-2022","status":"publish","type":"post","link":"https:\/\/litoral.ufpr.br\/admpublica\/2022\/05\/20\/ix-encontro-de-administracao-publica-da-anpad-enapg-2022\/","title":{"rendered":"IX ENCONTRO DE ADMINISTRA\u00c7\u00c3O P\u00daBLICA DA ANPAD \u2013 EnAPG 2022"},"content":{"rendered":"\n<p>Boa tarde!<\/p>\n\n\n\n<p>O artigo intitulado \u201cRepensando o Processo Or\u00e7ament\u00e1rio Brasileiro \u00e0 Luz dos Pressupostos de Guerreiro Ramos\u201d, de autoria da professora Elaine Cristina de Oliveira Menezes (Programa de P\u00f3s-gradua\u00e7\u00e3o em Desenvolvimento Territorial Sustent\u00e1vel\/UFPR), em co-autoria com Prof. Fabiano Maury Raupp (Prog de P\u00f3s-Grad Prossional em Administra\u00e7\u00e3o\/Centro de Ci\u00eancias da Administra\u00e7\u00e3o e Socioecon\u00f4micas\/ESAG\/UDESC), Profa Denise Ribeiro de Almeida (NPGA\/UFBA) e Profa Ana Rita Silva Sacramento (NPGA\/UFBA) foi indicado \u00e0 premia\u00e7\u00e3o de melhor artigo do IX ENCONTRO DE ADMINISTRA\u00c7\u00c3O P\u00daBLICA DA ANPAD \u2013 EnAPG 2022 e artigo Inovador. O artigo \u00e9 fruto da pesquisa TRAJET\u00d3RIAS E INICIATIVAS DA ADMINISTRA\u00c7\u00c3O P\u00daBLICA: INTENTANDO UMA NOVA CI\u00caNCIA DE ALOCA\u00c7\u00d5ES DE RECURSOS, coordenada pela profa Elaine Menezes no \u00e2mbito do curso de Administra\u00e7\u00e3o P\u00fablica e do PPGDTS.<\/p>\n\n\n\n<p>Para ter acesso a chamada de trabalhos, clique no link a seguir. <a href=\"http:\/\/anpad.com.br\/pt_br\/event\/details\/119\" target=\"_blank\" rel=\"noreferrer noopener\">link<\/a><\/p>\n","protected":false},"excerpt":{"rendered":"<p>Boa tarde! O artigo intitulado \u201cRepensando o Processo Or\u00e7ament\u00e1rio Brasileiro \u00e0 Luz dos Pressupostos de Guerreiro Ramos\u201d, de autoria da professora Elaine Cristina de Oliveira Menezes (Programa de P\u00f3s-gradua\u00e7\u00e3o em Desenvolvimento Territorial Sustent\u00e1vel\/UFPR), em co-autoria com Prof. Fabiano Maury Raupp (Prog de P\u00f3s-Grad Prossional em Administra\u00e7\u00e3o\/Centro de Ci\u00eancias da Administra\u00e7\u00e3o e Socioecon\u00f4micas\/ESAG\/UDESC), Profa Denise Ribeiro [&hellip;]<\/p>\n","protected":false},"author":1611,"featured_media":2752,"comment_status":"open","ping_status":"open","sticky":false,"template":"","format":"standard","meta":{"_acf_changed":false,"footnotes":""},"categories":[13],"tags":[],"class_list":["post-2753","post","type-post","status-publish","format-standard","has-post-thumbnail","hentry","category-informativo"],"acf":[],"_links":{"self":[{"href":"https:\/\/litoral.ufpr.br\/admpublica\/wp-json\/wp\/v2\/posts\/2753","targetHints":{"allow":["GET"]}}],"collection":[{"href":"https:\/\/litoral.ufpr.br\/admpublica\/wp-json\/wp\/v2\/posts"}],"about":[{"href":"https:\/\/litoral.ufpr.br\/admpublica\/wp-json\/wp\/v2\/types\/post"}],"author":[{"embeddable":true,"href":"https:\/\/litoral.ufpr.br\/admpublica\/wp-json\/wp\/v2\/users\/1611"}],"replies":[{"embeddable":true,"href":"https:\/\/litoral.ufpr.br\/admpublica\/wp-json\/wp\/v2\/comments?post=2753"}],"version-history":[{"count":3,"href":"https:\/\/litoral.ufpr.br\/admpublica\/wp-json\/wp\/v2\/posts\/2753\/revisions"}],"predecessor-version":[{"id":2756,"href":"https:\/\/litoral.ufpr.br\/admpublica\/wp-json\/wp\/v2\/posts\/2753\/revisions\/2756"}],"wp:featuredmedia":[{"embeddable":true,"href":"https:\/\/litoral.ufpr.br\/admpublica\/wp-json\/wp\/v2\/media\/2752"}],"wp:attachment":[{"href":"https:\/\/litoral.ufpr.br\/admpublica\/wp-json\/wp\/v2\/media?parent=2753"}],"wp:term":[{"taxonomy":"category","embeddable":true,"href":"https:\/\/litoral.ufpr.br\/admpublica\/wp-json\/wp\/v2\/categories?post=2753"},{"taxonomy":"post_tag","embeddable":true,"href":"https:\/\/litoral.ufpr.br\/admpublica\/wp-json\/wp\/v2\/tags?post=2753"}],"curies":[{"name":"wp","href":"https:\/\/api.w.org\/{rel}","templated":true}]}}