{"id":2477,"date":"2022-03-29T09:15:08","date_gmt":"2022-03-29T12:15:08","guid":{"rendered":"https:\/\/litoral.ufpr.br\/admpublica\/?p=2477"},"modified":"2022-04-05T17:29:32","modified_gmt":"2022-04-05T20:29:32","slug":"o-curso-de-administracao-publica-e-conceito-5-pelo-ministerio-da-educacao-mec","status":"publish","type":"post","link":"https:\/\/litoral.ufpr.br\/admpublica\/2022\/03\/29\/o-curso-de-administracao-publica-e-conceito-5-pelo-ministerio-da-educacao-mec\/","title":{"rendered":"NOTA M\u00c1XIMA &#8211; CONCEITO 5"},"content":{"rendered":"\n<div class=\"wp-block-columns is-layout-flex wp-container-core-columns-is-layout-9d6595d7 wp-block-columns-is-layout-flex\">\n<div class=\"wp-block-column is-layout-flow wp-block-column-is-layout-flow\">\n<div class=\"wp-block-media-text alignwide is-stacked-on-mobile is-vertically-aligned-top\" style=\"grid-template-columns:27% auto\"><figure class=\"wp-block-media-text__media\"><img loading=\"lazy\" decoding=\"async\" width=\"1024\" height=\"1024\" src=\"https:\/\/litoral.ufpr.br\/admpublica\/wp-content\/uploads\/sites\/6\/2022\/03\/Copia-de-Administracao-Publica-MEC--1024x1024.png\" alt=\"\" class=\"wp-image-2493 size-full\" \/><\/figure><div class=\"wp-block-media-text__content\">\n<p class=\"has-text-align-left\" style=\"font-size:14px\">A conquista da nota m\u00e1xima, conceito 5, pelo Curso de Bacharelado em Administra\u00e7\u00e3o P\u00fablica \u00e9 fruto do trabalho realizado por sua Coordena\u00e7\u00e3o, Corpo Docente, Assessoria, em especial, dos Discentes do Curso e de toda comunidade acad\u00eamica do Setor Litoral. <\/p>\n\n\n\n<p class=\"has-text-align-left\" style=\"font-size:14px\">O processo de avalia\u00e7\u00e3o do MEC para Reconhecimento de Curso, foi realizado na modalidade remota no per\u00edodo de 23 a 25 de mar\u00e7o de 2022, analisando a organiza\u00e7\u00e3o did\u00e1tico-pedag\u00f3gica, o corpo docente, tutoria e a infraestrutura. <\/p>\n\n\n\n<p class=\"has-text-align-left\" style=\"font-size:14px\">Agradecemos a participa\u00e7\u00e3o e compartilhamos a felicidade de sermos bem avaliados no MEC, Administra\u00e7\u00e3o P\u00fablica \u00e9 5, um Curso de excel\u00eancia da UFPR. <br><br>Parab\u00e9ns a todos os envolvidos!<\/p>\n\n\n\n<p class=\"has-text-align-left\" style=\"font-size:14px\"><strong>\u00c1UDIOS DA DIRE\u00c7\u00c3O<\/strong> &#8211;  <a rel=\"noreferrer noopener\" href=\"https:\/\/litoral.ufpr.br\/direcao\/audios\/?fbclid=IwAR1GdoFPn2lNcwadvXCwUhZXWFMTcsQ8rn9cF4lJa4ULW3IFDSMq4v0m3Is\" target=\"_blank\">link<\/a>.<\/p>\n\n\n\n<p style=\"font-size:14px\"><br><\/p>\n<\/div><\/div>\n<\/div>\n<\/div>\n\n\n\n<p><\/p>\n","protected":false},"excerpt":{"rendered":"<p>A conquista da nota m\u00e1xima, conceito 5, pelo Curso de Bacharelado em Administra\u00e7\u00e3o P\u00fablica \u00e9 fruto do trabalho realizado por sua Coordena\u00e7\u00e3o, Corpo Docente, Assessoria, em especial, dos Discentes do Curso e de toda comunidade acad\u00eamica do Setor Litoral. O processo de avalia\u00e7\u00e3o do MEC para Reconhecimento de Curso, foi realizado na modalidade remota no [&hellip;]<\/p>\n","protected":false},"author":1590,"featured_media":2493,"comment_status":"open","ping_status":"open","sticky":true,"template":"","format":"standard","meta":{"_acf_changed":false,"footnotes":""},"categories":[11,13],"tags":[],"class_list":["post-2477","post","type-post","status-publish","format-standard","has-post-thumbnail","hentry","category-apresentacao","category-informativo"],"acf":[],"_links":{"self":[{"href":"https:\/\/litoral.ufpr.br\/admpublica\/wp-json\/wp\/v2\/posts\/2477","targetHints":{"allow":["GET"]}}],"collection":[{"href":"https:\/\/litoral.ufpr.br\/admpublica\/wp-json\/wp\/v2\/posts"}],"about":[{"href":"https:\/\/litoral.ufpr.br\/admpublica\/wp-json\/wp\/v2\/types\/post"}],"author":[{"embeddable":true,"href":"https:\/\/litoral.ufpr.br\/admpublica\/wp-json\/wp\/v2\/users\/1590"}],"replies":[{"embeddable":true,"href":"https:\/\/litoral.ufpr.br\/admpublica\/wp-json\/wp\/v2\/comments?post=2477"}],"version-history":[{"count":39,"href":"https:\/\/litoral.ufpr.br\/admpublica\/wp-json\/wp\/v2\/posts\/2477\/revisions"}],"predecessor-version":[{"id":2580,"href":"https:\/\/litoral.ufpr.br\/admpublica\/wp-json\/wp\/v2\/posts\/2477\/revisions\/2580"}],"wp:featuredmedia":[{"embeddable":true,"href":"https:\/\/litoral.ufpr.br\/admpublica\/wp-json\/wp\/v2\/media\/2493"}],"wp:attachment":[{"href":"https:\/\/litoral.ufpr.br\/admpublica\/wp-json\/wp\/v2\/media?parent=2477"}],"wp:term":[{"taxonomy":"category","embeddable":true,"href":"https:\/\/litoral.ufpr.br\/admpublica\/wp-json\/wp\/v2\/categories?post=2477"},{"taxonomy":"post_tag","embeddable":true,"href":"https:\/\/litoral.ufpr.br\/admpublica\/wp-json\/wp\/v2\/tags?post=2477"}],"curies":[{"name":"wp","href":"https:\/\/api.w.org\/{rel}","templated":true}]}}