{"id":1262,"date":"2021-02-17T14:20:12","date_gmt":"2021-02-17T17:20:12","guid":{"rendered":"https:\/\/litoral.ufpr.br\/admpublica\/?p=1262"},"modified":"2021-02-17T14:28:48","modified_gmt":"2021-02-17T17:28:48","slug":"curso-de-capacitacao-para-o-trabalho-legislativo-de-matinhos","status":"publish","type":"post","link":"https:\/\/litoral.ufpr.br\/admpublica\/2021\/02\/17\/curso-de-capacitacao-para-o-trabalho-legislativo-de-matinhos\/","title":{"rendered":"CURSO DE CAPACITA\u00c7\u00c3O PARA O TRABALHO LEGISLATIVO DE MATINHOS"},"content":{"rendered":"<p><strong>Curso de capacita\u00e7\u00e3o para o trabalho no Legislativo de Matinhos<\/strong><\/p>\n<p>Est\u00e3o abertas as inscri\u00e7\u00f5es pelo link:<a href=\"https:\/\/forms.gle\/FFhHtbaU9dHYxgmx6\">https:\/\/forms.gle\/FFhHtbaU9dHYxgmx6<\/a><\/p>\n<p>O curso de Administra\u00e7\u00e3o P\u00fablica da UFPR Litoral e a C\u00e2mara Municipal de Matinhos convidam servidores, estudantes e a comunidade em geral, para participar do \u201cCurso de capacita\u00e7\u00e3o para o trabalho no Legislativo de Matinhos\u201d.<\/p>\n<p>OBJETIVO DO CURSO:<br \/>\nProporcionar aprofundamento do conhecimento sobre a estrutura e o funcionamento do Poder Legislativo no \u00e2mbito municipal, de forma contextualizada e fundamentada, tendo como foco o trabalho na C\u00e2mara Municipal de Matinhos.<\/p>\n<p>N\u00daMERO DE VAGAS:<br \/>\n&#8211; 35 vagas para servidores da C\u00e2mara Municipal de Matinhos<br \/>\n&#8211; 25 vagas para estudantes da UFPR Litoral<br \/>\n&#8211; 10 vagas para a comunidade<br \/>\n* as vagas ser\u00e3o preenchidas por ordem de inscri\u00e7\u00e3o.<br \/>\n** na aus\u00eancia de inscritos em algum dos perfis, as vagas poder\u00e3o ser remanejadas<\/p>\n<p>FUNCIONAMENTO DO CURSO:<br \/>\nTotal de horas = 45h<br \/>\nO curso \u00e9 composto por 5 m\u00f3dulos, cada um com 9h. Das 9h, 6h ser\u00e3o com aula transmitida &#8220;ao vivo&#8221;, via Plataforma UFPR Virtual. As demais 3h ser\u00e3o realizadas no formato EAD, atrav\u00e9s da disponibiliza\u00e7\u00e3o de material na Plataforma UFPR Virtual.<br \/>\nAS AULAS &#8220;AO VIVO&#8221; ACONTECER\u00c3O \u00c0S TER\u00c7AS E QUINTAS, DAS 14H \u00c0S 17H.<br \/>\nAS AULAS EAD FICAR\u00c3O DISPON\u00cdVEIS NA PLATAFORMA UFPR VIRTUAL DURANTE A SEMANA DO M\u00d3DULO, DEVENDO SER ACESSADAS EM QUALQUER DIA\/HOR\u00c1RIO NESTE PER\u00cdODO.<\/p>\n<p>CRONOGRAMA DAS AULAS:<\/p>\n<p>M\u00f3dulo 1: Institui\u00e7\u00f5es do Estado no Brasil: o lugar do munic\u00edpio<br \/>\nData de in\u00edcio do m\u00f3dulo: 01\/03\/2021<br \/>\nData de t\u00e9rmino do m\u00f3dulo: 06\/03\/2021<br \/>\nData das aulas &#8220;ao vivo&#8221;: 02 e 04\/03\/2021<\/p>\n<p>M\u00f3dulo 2: Sistemas eleitoral e partid\u00e1rio no Brasil<br \/>\nData de in\u00edcio do m\u00f3dulo: 08\/03\/2021<br \/>\nData de t\u00e9rmino do m\u00f3dulo: 13\/03\/2021<br \/>\nData das aulas &#8220;ao vivo&#8221;: 09 e 11\/03\/2021<\/p>\n<p>M\u00f3dulo 3: Fun\u00e7\u00f5es do Poder Legislativo \u2013 Parte 1: Legislar<br \/>\nData de in\u00edcio do m\u00f3dulo: 15\/03\/2021<br \/>\nData de t\u00e9rmino do m\u00f3dulo: 20\/03\/2021<br \/>\nData das aulas &#8220;ao vivo&#8221;: 16 e 18\/03\/2021<\/p>\n<p>M\u00f3dulo 4: Fun\u00e7\u00f5es do Poder Legislativo \u2013 Parte 2: Fiscalizar<br \/>\nData de in\u00edcio do m\u00f3dulo: 22\/03\/2021<br \/>\nData de t\u00e9rmino do m\u00f3dulo: 27\/03\/2021<br \/>\nData das aulas &#8220;ao vivo&#8221;: 23 e 25\/03\/2021<\/p>\n<p>M\u00f3dulo 5: Direito Administrativo<br \/>\nData de in\u00edcio do m\u00f3dulo: 29\/03\/2021<br \/>\nData de t\u00e9rmino do m\u00f3dulo: 03\/04\/2021<br \/>\nData das aulas &#8220;ao vivo&#8221;: 30\/03 e 01\/04\/2021<\/p>\n<p>CERTIFICA\u00c7\u00c3O:<br \/>\nTer\u00e3o direito a certificado aqueles que participarem de, no m\u00ednimo, 75% do curso.<\/p>\n<p>INSCRI\u00c7\u00d5ES:<br \/>\nAs inscri\u00e7\u00f5es devem ser feitas pelo link\u00a0<a href=\"https:\/\/forms.gle\/FFhHtbaU9dHYxgmx6\">https:\/\/forms.gle\/FFhHtbaU9dHYxgmx6<\/a><\/p>\n<p>As vagas ser\u00e3o garantidas respeitando-se a ordem de inscri\u00e7\u00e3o e o limite de vagas dispon\u00edvel para cada perfil de participante.<br \/>\nPer\u00edodo de inscri\u00e7\u00f5es: 17\/02\/2021 a 23\/02\/2021.<br \/>\nD\u00favidas podem ser enviadas para o E-mail: <a href=\"mailto:coordenacao.admpublicaufpr@gmail.com\">coordenacao.admpublicaufpr@gmail.com<\/a><\/p>\n","protected":false},"excerpt":{"rendered":"<p>Curso de capacita\u00e7\u00e3o para o trabalho no Legislativo de Matinhos Est\u00e3o abertas as inscri\u00e7\u00f5es pelo link:https:\/\/forms.gle\/FFhHtbaU9dHYxgmx6 O curso de Administra\u00e7\u00e3o P\u00fablica da UFPR Litoral e a C\u00e2mara Municipal de Matinhos convidam servidores, estudantes e a comunidade em geral, para participar do \u201cCurso de capacita\u00e7\u00e3o para o trabalho no Legislativo de Matinhos\u201d. OBJETIVO DO CURSO: Proporcionar [&hellip;]<\/p>\n","protected":false},"author":1590,"featured_media":0,"comment_status":"open","ping_status":"open","sticky":false,"template":"","format":"standard","meta":{"_acf_changed":false,"footnotes":""},"categories":[13],"tags":[],"class_list":["post-1262","post","type-post","status-publish","format-standard","hentry","category-informativo"],"acf":[],"_links":{"self":[{"href":"https:\/\/litoral.ufpr.br\/admpublica\/wp-json\/wp\/v2\/posts\/1262","targetHints":{"allow":["GET"]}}],"collection":[{"href":"https:\/\/litoral.ufpr.br\/admpublica\/wp-json\/wp\/v2\/posts"}],"about":[{"href":"https:\/\/litoral.ufpr.br\/admpublica\/wp-json\/wp\/v2\/types\/post"}],"author":[{"embeddable":true,"href":"https:\/\/litoral.ufpr.br\/admpublica\/wp-json\/wp\/v2\/users\/1590"}],"replies":[{"embeddable":true,"href":"https:\/\/litoral.ufpr.br\/admpublica\/wp-json\/wp\/v2\/comments?post=1262"}],"version-history":[{"count":4,"href":"https:\/\/litoral.ufpr.br\/admpublica\/wp-json\/wp\/v2\/posts\/1262\/revisions"}],"predecessor-version":[{"id":1266,"href":"https:\/\/litoral.ufpr.br\/admpublica\/wp-json\/wp\/v2\/posts\/1262\/revisions\/1266"}],"wp:attachment":[{"href":"https:\/\/litoral.ufpr.br\/admpublica\/wp-json\/wp\/v2\/media?parent=1262"}],"wp:term":[{"taxonomy":"category","embeddable":true,"href":"https:\/\/litoral.ufpr.br\/admpublica\/wp-json\/wp\/v2\/categories?post=1262"},{"taxonomy":"post_tag","embeddable":true,"href":"https:\/\/litoral.ufpr.br\/admpublica\/wp-json\/wp\/v2\/tags?post=1262"}],"curies":[{"name":"wp","href":"https:\/\/api.w.org\/{rel}","templated":true}]}}