{"id":1120,"date":"2020-07-20T19:54:02","date_gmt":"2020-07-20T22:54:02","guid":{"rendered":"https:\/\/litoral.ufpr.br\/admpublica\/?p=1120"},"modified":"2020-07-27T22:06:29","modified_gmt":"2020-07-28T01:06:29","slug":"edital-de-selecao-monitoria-digital","status":"publish","type":"post","link":"https:\/\/litoral.ufpr.br\/admpublica\/2020\/07\/20\/edital-de-selecao-monitoria-digital\/","title":{"rendered":"EDITAL DE SELE\u00c7\u00c3O MONITORIA DIGITAL"},"content":{"rendered":"<p><a href=\"https:\/\/litoral.ufpr.br\/admpublica\/wp-content\/uploads\/sites\/6\/2020\/07\/Sele\u00e7\u00e3o-monitoria-digital-2020.pdf\">Sele\u00e7\u00e3o monitoria digital 2020<\/a><\/p>\n<p><a href=\"https:\/\/litoral.ufpr.br\/admpublica\/wp-content\/uploads\/sites\/6\/2020\/07\/homologacao-das-inscri\u00e7\u00f5es-de-monitoria-digital-2020.pdf\">Homologa\u00e7\u00e3o das inscri\u00e7\u00f5es de monitoria digital 2020<\/a><\/p>\n<p><a href=\"https:\/\/litoral.ufpr.br\/admpublica\/wp-content\/uploads\/sites\/6\/2020\/07\/resultado-final-da-entrevista-de-monitoria-digital-2020.pdf\">Resultado final da entrevista de monitoria digital 2020<\/a><\/p>\n","protected":false},"excerpt":{"rendered":"<p>Sele\u00e7\u00e3o monitoria digital 2020 Homologa\u00e7\u00e3o das inscri\u00e7\u00f5es de monitoria digital 2020 Resultado final da entrevista de monitoria digital 2020<\/p>\n","protected":false},"author":1590,"featured_media":0,"comment_status":"open","ping_status":"open","sticky":true,"template":"","format":"standard","meta":{"_acf_changed":false,"footnotes":""},"categories":[13],"tags":[],"class_list":["post-1120","post","type-post","status-publish","format-standard","hentry","category-informativo"],"acf":[],"_links":{"self":[{"href":"https:\/\/litoral.ufpr.br\/admpublica\/wp-json\/wp\/v2\/posts\/1120","targetHints":{"allow":["GET"]}}],"collection":[{"href":"https:\/\/litoral.ufpr.br\/admpublica\/wp-json\/wp\/v2\/posts"}],"about":[{"href":"https:\/\/litoral.ufpr.br\/admpublica\/wp-json\/wp\/v2\/types\/post"}],"author":[{"embeddable":true,"href":"https:\/\/litoral.ufpr.br\/admpublica\/wp-json\/wp\/v2\/users\/1590"}],"replies":[{"embeddable":true,"href":"https:\/\/litoral.ufpr.br\/admpublica\/wp-json\/wp\/v2\/comments?post=1120"}],"version-history":[{"count":4,"href":"https:\/\/litoral.ufpr.br\/admpublica\/wp-json\/wp\/v2\/posts\/1120\/revisions"}],"predecessor-version":[{"id":1126,"href":"https:\/\/litoral.ufpr.br\/admpublica\/wp-json\/wp\/v2\/posts\/1120\/revisions\/1126"}],"wp:attachment":[{"href":"https:\/\/litoral.ufpr.br\/admpublica\/wp-json\/wp\/v2\/media?parent=1120"}],"wp:term":[{"taxonomy":"category","embeddable":true,"href":"https:\/\/litoral.ufpr.br\/admpublica\/wp-json\/wp\/v2\/categories?post=1120"},{"taxonomy":"post_tag","embeddable":true,"href":"https:\/\/litoral.ufpr.br\/admpublica\/wp-json\/wp\/v2\/tags?post=1120"}],"curies":[{"name":"wp","href":"https:\/\/api.w.org\/{rel}","templated":true}]}}