{"id":1085,"date":"2020-06-24T14:12:25","date_gmt":"2020-06-24T17:12:25","guid":{"rendered":"https:\/\/litoral.ufpr.br\/admpublica\/?p=1085"},"modified":"2020-06-24T14:20:16","modified_gmt":"2020-06-24T17:20:16","slug":"publicados-os-editais-dos-exames-de-aproveitamento-e-de-adiantamento-de-conhecimento","status":"publish","type":"post","link":"https:\/\/litoral.ufpr.br\/admpublica\/2020\/06\/24\/publicados-os-editais-dos-exames-de-aproveitamento-e-de-adiantamento-de-conhecimento\/","title":{"rendered":"PUBLICADOS OS EDITAIS DOS EXAMES DE APROVEITAMENTO E DE ADIANTAMENTO DE CONHECIMENTO"},"content":{"rendered":"<div><strong>PUBLICADOS OS EDITAIS DOS EXAMES DE APROVEITAMENTO E DE ADIANTAMENTO DE CONHECIMENTO<\/strong><\/div>\n<div><\/div>\n<div>Ser\u00e3o realizadas as provas de exame de aproveitamento e de adiantamento de conhecimento conforme Editais 01\/2020 e 02\/2020 (publicados na aba Editais).<\/div>\n<div>Os exames seguem a Resolu\u00e7\u00e3o 92\/13-CEPE\/UFPR, exceto:<\/div>\n<div>&#8211; Os estudantes que optarem por n\u00e3o realizar a prova na data e hor\u00e1rio dos Editais dever\u00e3o aguardar o retorno do calend\u00e1rio acad\u00eamico (ainda sem data) no qual ser\u00e3o previstas as novas datas dos exames de aproveitamento de conhecimento.<\/div>\n<div>\n<div>&#8211; As provas acontecer\u00e3o de forma remota, havendo data e hor\u00e1rio para a realiza\u00e7\u00e3o das mesmas.<\/div>\n<\/div>\n<div><\/div>\n<div>Atenciosamente,<\/div>\n<div><\/div>\n<div>Coordena\u00e7\u00e3o do curso de Administra\u00e7\u00e3o P\u00fablica<\/div>\n","protected":false},"excerpt":{"rendered":"<p>PUBLICADOS OS EDITAIS DOS EXAMES DE APROVEITAMENTO E DE ADIANTAMENTO DE CONHECIMENTO Ser\u00e3o realizadas as provas de exame de aproveitamento e de adiantamento de conhecimento conforme Editais 01\/2020 e 02\/2020 (publicados na aba Editais). Os exames seguem a Resolu\u00e7\u00e3o 92\/13-CEPE\/UFPR, exceto: &#8211; Os estudantes que optarem por n\u00e3o realizar a prova na data e hor\u00e1rio [&hellip;]<\/p>\n","protected":false},"author":1590,"featured_media":0,"comment_status":"open","ping_status":"open","sticky":false,"template":"","format":"standard","meta":{"_acf_changed":false,"footnotes":""},"categories":[13],"tags":[],"class_list":["post-1085","post","type-post","status-publish","format-standard","hentry","category-informativo"],"acf":[],"_links":{"self":[{"href":"https:\/\/litoral.ufpr.br\/admpublica\/wp-json\/wp\/v2\/posts\/1085","targetHints":{"allow":["GET"]}}],"collection":[{"href":"https:\/\/litoral.ufpr.br\/admpublica\/wp-json\/wp\/v2\/posts"}],"about":[{"href":"https:\/\/litoral.ufpr.br\/admpublica\/wp-json\/wp\/v2\/types\/post"}],"author":[{"embeddable":true,"href":"https:\/\/litoral.ufpr.br\/admpublica\/wp-json\/wp\/v2\/users\/1590"}],"replies":[{"embeddable":true,"href":"https:\/\/litoral.ufpr.br\/admpublica\/wp-json\/wp\/v2\/comments?post=1085"}],"version-history":[{"count":2,"href":"https:\/\/litoral.ufpr.br\/admpublica\/wp-json\/wp\/v2\/posts\/1085\/revisions"}],"predecessor-version":[{"id":1088,"href":"https:\/\/litoral.ufpr.br\/admpublica\/wp-json\/wp\/v2\/posts\/1085\/revisions\/1088"}],"wp:attachment":[{"href":"https:\/\/litoral.ufpr.br\/admpublica\/wp-json\/wp\/v2\/media?parent=1085"}],"wp:term":[{"taxonomy":"category","embeddable":true,"href":"https:\/\/litoral.ufpr.br\/admpublica\/wp-json\/wp\/v2\/categories?post=1085"},{"taxonomy":"post_tag","embeddable":true,"href":"https:\/\/litoral.ufpr.br\/admpublica\/wp-json\/wp\/v2\/tags?post=1085"}],"curies":[{"name":"wp","href":"https:\/\/api.w.org\/{rel}","templated":true}]}}