{"id":1063,"date":"2020-06-10T08:31:57","date_gmt":"2020-06-10T11:31:57","guid":{"rendered":"https:\/\/litoral.ufpr.br\/admpublica\/?p=1063"},"modified":"2020-06-10T09:02:31","modified_gmt":"2020-06-10T12:02:31","slug":"ufpr-lanca-editais-para-emprestimo-de-notebooks-e-servicos-de-internet-para-estudantes-que-necessitarem","status":"publish","type":"post","link":"https:\/\/litoral.ufpr.br\/admpublica\/2020\/06\/10\/ufpr-lanca-editais-para-emprestimo-de-notebooks-e-servicos-de-internet-para-estudantes-que-necessitarem\/","title":{"rendered":"UFPR lan\u00e7a editais para empr\u00e9stimo de notebooks e servi\u00e7os de Internet para estudantes que necessitarem"},"content":{"rendered":"<p><a href=\"https:\/\/litoral.ufpr.br\/admpublica\/wp-content\/uploads\/sites\/6\/2020\/06\/40f318da-4f4b-4000-9cbe-3d169b22f6fc-326x326-1.jpg\"><img loading=\"lazy\" decoding=\"async\" class=\"alignleft wp-image-1067 size-medium\" src=\"https:\/\/litoral.ufpr.br\/admpublica\/wp-content\/uploads\/sites\/6\/2020\/06\/40f318da-4f4b-4000-9cbe-3d169b22f6fc-326x326-1-300x300.jpg\" alt=\"\" width=\"300\" height=\"300\" srcset=\"https:\/\/litoral.ufpr.br\/admpublica\/wp-content\/uploads\/sites\/6\/2020\/06\/40f318da-4f4b-4000-9cbe-3d169b22f6fc-326x326-1-300x300.jpg 300w, https:\/\/litoral.ufpr.br\/admpublica\/wp-content\/uploads\/sites\/6\/2020\/06\/40f318da-4f4b-4000-9cbe-3d169b22f6fc-326x326-1-150x150.jpg 150w, https:\/\/litoral.ufpr.br\/admpublica\/wp-content\/uploads\/sites\/6\/2020\/06\/40f318da-4f4b-4000-9cbe-3d169b22f6fc-326x326-1.jpg 326w\" sizes=\"auto, (max-width: 300px) 100vw, 300px\" \/><\/a><!--more--><\/p>\n<p><a href=\"https:\/\/www.ufpr.br\/portalufpr\/noticias\/ufpr-lanca-editais-para-emprestimo-de-notebooks-e-servicos-de-internet-para-estudantes-que-necessitarem\/\">Acesse o link:\u00a0<\/a><\/p>\n<p>&nbsp;<\/p>\n","protected":false},"excerpt":{"rendered":"","protected":false},"author":1590,"featured_media":0,"comment_status":"open","ping_status":"open","sticky":false,"template":"","format":"standard","meta":{"_acf_changed":false,"footnotes":""},"categories":[13],"tags":[],"class_list":["post-1063","post","type-post","status-publish","format-standard","hentry","category-informativo"],"acf":[],"_links":{"self":[{"href":"https:\/\/litoral.ufpr.br\/admpublica\/wp-json\/wp\/v2\/posts\/1063","targetHints":{"allow":["GET"]}}],"collection":[{"href":"https:\/\/litoral.ufpr.br\/admpublica\/wp-json\/wp\/v2\/posts"}],"about":[{"href":"https:\/\/litoral.ufpr.br\/admpublica\/wp-json\/wp\/v2\/types\/post"}],"author":[{"embeddable":true,"href":"https:\/\/litoral.ufpr.br\/admpublica\/wp-json\/wp\/v2\/users\/1590"}],"replies":[{"embeddable":true,"href":"https:\/\/litoral.ufpr.br\/admpublica\/wp-json\/wp\/v2\/comments?post=1063"}],"version-history":[{"count":8,"href":"https:\/\/litoral.ufpr.br\/admpublica\/wp-json\/wp\/v2\/posts\/1063\/revisions"}],"predecessor-version":[{"id":1072,"href":"https:\/\/litoral.ufpr.br\/admpublica\/wp-json\/wp\/v2\/posts\/1063\/revisions\/1072"}],"wp:attachment":[{"href":"https:\/\/litoral.ufpr.br\/admpublica\/wp-json\/wp\/v2\/media?parent=1063"}],"wp:term":[{"taxonomy":"category","embeddable":true,"href":"https:\/\/litoral.ufpr.br\/admpublica\/wp-json\/wp\/v2\/categories?post=1063"},{"taxonomy":"post_tag","embeddable":true,"href":"https:\/\/litoral.ufpr.br\/admpublica\/wp-json\/wp\/v2\/tags?post=1063"}],"curies":[{"name":"wp","href":"https:\/\/api.w.org\/{rel}","templated":true}]}}