{"id":1386,"date":"2024-07-22T13:17:06","date_gmt":"2024-07-22T16:17:06","guid":{"rendered":"https:\/\/litoral.ufpr.br\/gempreendedorismo\/?p=1386"},"modified":"2024-07-22T20:08:42","modified_gmt":"2024-07-22T23:08:42","slug":"caracterizacao-dos-estudantes-empreendedores-do-setor-litoral","status":"publish","type":"post","link":"https:\/\/litoral.ufpr.br\/administracao\/2024\/07\/22\/caracterizacao-dos-estudantes-empreendedores-do-setor-litoral\/","title":{"rendered":"Caracteriza\u00e7\u00e3o dos estudantes empreendedores do Setor Litoral"},"content":{"rendered":"\n<p>Ol\u00e1 comunidade do setor Litoral da UFPR, nas pr\u00f3ximas duas semanas realizaremos uma pesquisa de caracteriza\u00e7\u00e3o dos estudantes empreendedores (atuais e potenciais) com objetivo de desenvolver um ambiente universit\u00e1rio que contribua com seus neg\u00f3cios. Este ecossistema universit\u00e1rio de estudantes empreendedores visa o desenvolvimento de neg\u00f3cios inovadores como impacto social e ambiental, gerando trabalho e renda no territ\u00f3rio.&nbsp;<\/p>\n\n\n\n<p><a href=\"https:\/\/forms.office.com\/Pages\/ResponsePage.aspx?id=ozd7w-Lp-UK8Z0ubc44d8J7S3-Js1x1EsSVhJS4-HD9UQ0xISkJNOVVXMFVNUzBPRUNCMEQ2WjhKSS4u\" target=\"_blank\" rel=\"noreferrer noopener\">Estudantes empreendedores<\/a><\/p>\n\n\n\n<p><a href=\"https:\/\/forms.office.com\/Pages\/DesignPageV2.aspx?rpring=Business&amp;rpsession=88e9bb4b-89a8-41cd-be49-4b8d0f63ef3e&amp;subpage=design&amp;token=badaa136181f41ffa096d8408c8816ba&amp;id=ozd7w-Lp-UK8Z0ubc44d8Ozsw9tIhyBCi_AOUsukQi9UQ01TTVBGRUlWWFFIVDNVWjNRTUNXOVU4Wi4u&amp;analysis=false&amp;topview=Preview\" target=\"_blank\" rel=\"noreferrer noopener\">Estudantes potenciais empreendedores<\/a><\/p>\n\n\n\n<figure class=\"wp-block-image size-large\"><img loading=\"lazy\" decoding=\"async\" width=\"719\" height=\"1024\" src=\"https:\/\/litoral.ufpr.br\/gempreendedorismo\/wp-content\/uploads\/sites\/14\/2024\/07\/IMG-20240722-WA0009-719x1024.jpg\" alt=\"\" class=\"wp-image-1387\" srcset=\"https:\/\/litoral.ufpr.br\/administracao\/wp-content\/uploads\/sites\/14\/2024\/07\/IMG-20240722-WA0009-719x1024.jpg 719w, https:\/\/litoral.ufpr.br\/administracao\/wp-content\/uploads\/sites\/14\/2024\/07\/IMG-20240722-WA0009-211x300.jpg 211w, https:\/\/litoral.ufpr.br\/administracao\/wp-content\/uploads\/sites\/14\/2024\/07\/IMG-20240722-WA0009-768x1093.jpg 768w, https:\/\/litoral.ufpr.br\/administracao\/wp-content\/uploads\/sites\/14\/2024\/07\/IMG-20240722-WA0009.jpg 899w\" sizes=\"auto, (max-width: 719px) 100vw, 719px\" \/><\/figure>\n","protected":false},"excerpt":{"rendered":"<p>Ol\u00e1 comunidade do setor Litoral da UFPR, nas pr\u00f3ximas duas semanas realizaremos uma pesquisa de caracteriza\u00e7\u00e3o dos estudantes empreendedores (atuais e potenciais) com objetivo de desenvolver um ambiente universit\u00e1rio que contribua com seus neg\u00f3cios. Este ecossistema universit\u00e1rio de estudantes empreendedores visa o desenvolvimento de neg\u00f3cios inovadores como impacto social e ambiental, gerando trabalho e renda [&hellip;]<\/p>\n","protected":false},"author":1661,"featured_media":0,"comment_status":"open","ping_status":"open","sticky":true,"template":"","format":"standard","meta":{"_acf_changed":false,"footnotes":""},"categories":[18],"tags":[],"class_list":["post-1386","post","type-post","status-publish","format-standard","hentry","category-informativo"],"acf":[],"_links":{"self":[{"href":"https:\/\/litoral.ufpr.br\/administracao\/wp-json\/wp\/v2\/posts\/1386","targetHints":{"allow":["GET"]}}],"collection":[{"href":"https:\/\/litoral.ufpr.br\/administracao\/wp-json\/wp\/v2\/posts"}],"about":[{"href":"https:\/\/litoral.ufpr.br\/administracao\/wp-json\/wp\/v2\/types\/post"}],"author":[{"embeddable":true,"href":"https:\/\/litoral.ufpr.br\/administracao\/wp-json\/wp\/v2\/users\/1661"}],"replies":[{"embeddable":true,"href":"https:\/\/litoral.ufpr.br\/administracao\/wp-json\/wp\/v2\/comments?post=1386"}],"version-history":[{"count":3,"href":"https:\/\/litoral.ufpr.br\/administracao\/wp-json\/wp\/v2\/posts\/1386\/revisions"}],"predecessor-version":[{"id":1394,"href":"https:\/\/litoral.ufpr.br\/administracao\/wp-json\/wp\/v2\/posts\/1386\/revisions\/1394"}],"wp:attachment":[{"href":"https:\/\/litoral.ufpr.br\/administracao\/wp-json\/wp\/v2\/media?parent=1386"}],"wp:term":[{"taxonomy":"category","embeddable":true,"href":"https:\/\/litoral.ufpr.br\/administracao\/wp-json\/wp\/v2\/categories?post=1386"},{"taxonomy":"post_tag","embeddable":true,"href":"https:\/\/litoral.ufpr.br\/administracao\/wp-json\/wp\/v2\/tags?post=1386"}],"curies":[{"name":"wp","href":"https:\/\/api.w.org\/{rel}","templated":true}]}}